{"id":1079,"date":"2024-11-11T23:38:27","date_gmt":"2024-11-12T02:38:27","guid":{"rendered":"https:\/\/web.consaguirre.com.ar\/noticias\/mira-a-brian-may-de-queen-desentranar-the-night-comes-down-en-el-nuevo-episodio-de-queen-the-greatest\/"},"modified":"2024-11-11T23:38:28","modified_gmt":"2024-11-12T02:38:28","slug":"mira-a-brian-may-de-queen-desentranar-the-night-comes-down-en-el-nuevo-episodio-de-queen-the-greatest","status":"publish","type":"post","link":"https:\/\/web.consaguirre.com.ar\/noticias\/mira-a-brian-may-de-queen-desentranar-the-night-comes-down-en-el-nuevo-episodio-de-queen-the-greatest\/","title":{"rendered":"Mira a Brian May de Queen desentra\u00f1ar &#8216;The Night Comes Down&#8217; en el nuevo episodio de &#8216;Queen: The Greatest&#8217;"},"content":{"rendered":"<p><strong>Reina<\/strong>Serie web de varias partes. <em>el mas grande<\/em> est\u00e1 de vuelta con un nuevo episodio en honor a <strong>el debut hom\u00f3nimo de la banda en 1973<\/strong>que recientemente fue remezclado, remasterizado y ampliado.<\/p>\n<p>El episodio 3 de The Greatest se centra en \u201cThe Night Comes Down\u201d, que aparece por primera vez como sencillo en la nueva caja de Queen 1. 51 a\u00f1os despu\u00e9s del lanzamiento de la enigm\u00e1tica canci\u00f3n, Brian May revela la historia detr\u00e1s de la letra profundamente personal y muestra la guitarra ac\u00fastica &#8220;bastardada&#8221; que us\u00f3 para hacer la canci\u00f3n. \u201cSupongo que es una guitarra muy barata, no es como una Martin o una Gibson o lo que sea\u201d, dice May, \u201cpero tiene su propio sonido y es una gran parte de eso, el primer \u00e1lbum de Queen, est\u00e1 por todas partes. &#8220;<\/p>\n<div class=\"uD-YT-container\"><img decoding=\"async\" src=\"https:\/\/web.consaguirre.com.ar\/noticias\/wp-content\/uploads\/2024\/11\/1731379107_765_Mira-a-Brian-May-de-Queen-desentranar-The-Night-Comes.jpg\" alt=\"V\u00eddeo de YouTube\"><br \/>Haga clic para cargar v\u00eddeo<\/div>\n<p>La letra nost\u00e1lgica y melanc\u00f3lica de la canci\u00f3n reflejaba el estado emocional de May a principios de los a\u00f1os 70. \u201cCuando lo recuerdo, era muy joven para escribir esas cosas, pero me deprim\u00ed en esos d\u00edas. Siempre se trat\u00f3 de relaciones\u201d, dice May. \u201cY tuve momentos en los que pens\u00e9: &#8216;Estoy en un gran lugar, puedo hacer m\u00fasica&#8217;. Estoy con grandes amigos. Estoy en la universidad haciendo cosas que me encantan. Todo es genial.&#8221; Y entonces, de alguna manera, todo se desmoronaba, y entonces fue como si la noche cayera sobre mi cabeza. Entonces de eso se trataba la canci\u00f3n. No es una canci\u00f3n alegre\u201d.<\/p>\n<p>May analiza c\u00f3mo la instrumentaci\u00f3n de \u201cThe Night Comes Down\u201d fue \u201cuna especie de protesta\u201d contra la noci\u00f3n de que las guitarras ac\u00fasticas y el\u00e9ctricas no se pod\u00edan mezclar en una canci\u00f3n: \u201cAs\u00ed que quer\u00eda demostrarme a m\u00ed mismo que se pod\u00eda hacer la guitarra ac\u00fastica. La guitarra, el instrumento delantero y las guitarras el\u00e9ctricas podr\u00edan estar detr\u00e1s. Entonces las guitarras el\u00e9ctricas, cuando suenan &#8216;ne ne ne&#8217;, son como una especie de cuarteto de cuerdas detr\u00e1s de la guitarra ac\u00fastica, y no son demasiado ruidosas porque tienes el volumen correcto en tu mezcla\u201d.<\/p>\n<div class=\"uD-YT-container\"><img decoding=\"async\" src=\"https:\/\/web.consaguirre.com.ar\/noticias\/wp-content\/uploads\/2024\/09\/1726504714_166_Mira-el-video-de-The-Night-Comes-Down-de-Queen.jpg\" alt=\"V\u00eddeo de YouTube\"><br \/>Haga clic para cargar v\u00eddeo<\/div>\n<p>Como se explic\u00f3 en los dos primeros episodios de The Greatest, la visi\u00f3n de Queen para su debut choc\u00f3 con la de Trident Studios. \u201cThe Night Comes Down\u201d fue el \u00fanico superviviente de las sesiones de De Lane Lea. \u201cEstaba totalmente en contra de intentar volver a grabar The Night Comes Down\u201d, explica Brian, \u201cporque era consciente de que era un momento y sonaba exactamente como quer\u00eda que sonara. Y Roy Baker fue muy comprensivo. \u00c9l dijo: &#8216;Mira, lo entiendo, y tal vez simplemente lo remezclemos&#8217;\u201d.<\/p>\n<p>La nueva caja de Queen I presenta \u201cThe Night Comes Down\u201d como la banda pretend\u00eda originalmente. \u201cEstaba all\u00ed sentado pensando: &#8216;Al menos el original no est\u00e1 siendo destruido aqu\u00ed. Al menos \u00e9sta es una alternativa\u201d, afirma May. Quiz\u00e1s alg\u00fan d\u00eda podamos volver atr\u00e1s y mirar el original\u201d. Y ahora lo hemos logrado\u201d.<\/p>\n<p><strong>Orden de la Reina <em>reina yo<\/em> ahora.<\/strong><\/p>\n","protected":false},"excerpt":{"rendered":"<p>ReinaSerie web de varias partes. el mas grande est\u00e1 de vuelta con un nuevo episodio en honor a el debut hom\u00f3nimo de la banda en<\/p>\n","protected":false},"author":1,"featured_media":1080,"comment_status":"closed","ping_status":"","sticky":false,"template":"","format":"standard","meta":{"footnotes":""},"categories":[50],"tags":[1215,1216,488,1014,77,125,146,597],"class_list":["post-1079","post","type-post","status-publish","format-standard","has-post-thumbnail","hentry","category-el-ultimo","tag-brian","tag-desentranar","tag-episodio","tag-greatest","tag-mira","tag-night","tag-nuevo","tag-queen","generate-columns","tablet-grid-50","mobile-grid-100","grid-parent","grid-50"],"yoast_head":"<!-- This site is optimized with the Yoast SEO plugin v23.3 - https:\/\/yoast.com\/wordpress\/plugins\/seo\/ -->\n<title>Mira a Brian May de Queen desentra\u00f1ar &#039;The Night Comes Down&#039; en el nuevo episodio de &#039;Queen: The Greatest&#039;<\/title>\n<meta name=\"robots\" content=\"index, follow, max-snippet:-1, max-image-preview:large, max-video-preview:-1\" \/>\n<link rel=\"canonical\" href=\"https:\/\/web.consaguirre.com.ar\/noticias\/mira-a-brian-may-de-queen-desentranar-the-night-comes-down-en-el-nuevo-episodio-de-queen-the-greatest\/\" \/>\n<meta property=\"og:locale\" content=\"es_ES\" \/>\n<meta property=\"og:type\" content=\"article\" \/>\n<meta property=\"og:title\" content=\"Mira a Brian May de Queen desentra\u00f1ar &#039;The Night Comes Down&#039; en el nuevo episodio de &#039;Queen: The Greatest&#039;\" \/>\n<meta property=\"og:description\" content=\"ReinaSerie web de varias partes. el mas grande est\u00e1 de vuelta con un nuevo episodio en honor a el debut hom\u00f3nimo de la banda en\" \/>\n<meta property=\"og:url\" content=\"https:\/\/web.consaguirre.com.ar\/noticias\/mira-a-brian-may-de-queen-desentranar-the-night-comes-down-en-el-nuevo-episodio-de-queen-the-greatest\/\" \/>\n<meta property=\"og:site_name\" content=\"Conservatorio de M\u00fasica Juli\u00e1n Aguirre\" \/>\n<meta property=\"article:published_time\" content=\"2024-11-12T02:38:27+00:00\" \/>\n<meta property=\"article:modified_time\" content=\"2024-11-12T02:38:28+00:00\" \/>\n<meta property=\"og:image\" content=\"https:\/\/web.consaguirre.com.ar\/noticias\/wp-content\/uploads\/2024\/11\/Mira-a-Brian-May-de-Queen-desentranar-The-Night-Comes.jpg\" \/>\n\t<meta property=\"og:image:width\" content=\"1440\" \/>\n\t<meta property=\"og:image:height\" content=\"864\" \/>\n\t<meta property=\"og:image:type\" content=\"image\/jpeg\" \/>\n<meta name=\"author\" content=\"Javier Figueroa\" \/>\n<meta name=\"twitter:card\" content=\"summary_large_image\" \/>\n<meta name=\"twitter:label1\" content=\"Escrito por\" \/>\n\t<meta name=\"twitter:data1\" content=\"Javier Figueroa\" \/>\n\t<meta name=\"twitter:label2\" content=\"Tiempo de lectura\" \/>\n\t<meta name=\"twitter:data2\" content=\"3 minutos\" \/>\n<script type=\"application\/ld+json\" class=\"yoast-schema-graph\">{\"@context\":\"https:\/\/schema.org\",\"@graph\":[{\"@type\":\"Article\",\"@id\":\"https:\/\/web.consaguirre.com.ar\/noticias\/mira-a-brian-may-de-queen-desentranar-the-night-comes-down-en-el-nuevo-episodio-de-queen-the-greatest\/#article\",\"isPartOf\":{\"@id\":\"https:\/\/web.consaguirre.com.ar\/noticias\/mira-a-brian-may-de-queen-desentranar-the-night-comes-down-en-el-nuevo-episodio-de-queen-the-greatest\/\"},\"author\":{\"name\":\"Javier Figueroa\",\"@id\":\"https:\/\/web.consaguirre.com.ar\/noticias\/#\/schema\/person\/6558b0cfedee7ddc5425602b237d5722\"},\"headline\":\"Mira a Brian May de Queen desentra\u00f1ar &#8216;The Night Comes Down&#8217; en el nuevo episodio de &#8216;Queen: The Greatest&#8217;\",\"datePublished\":\"2024-11-12T02:38:27+00:00\",\"dateModified\":\"2024-11-12T02:38:28+00:00\",\"mainEntityOfPage\":{\"@id\":\"https:\/\/web.consaguirre.com.ar\/noticias\/mira-a-brian-may-de-queen-desentranar-the-night-comes-down-en-el-nuevo-episodio-de-queen-the-greatest\/\"},\"wordCount\":543,\"publisher\":{\"@id\":\"https:\/\/web.consaguirre.com.ar\/noticias\/#organization\"},\"image\":{\"@id\":\"https:\/\/web.consaguirre.com.ar\/noticias\/mira-a-brian-may-de-queen-desentranar-the-night-comes-down-en-el-nuevo-episodio-de-queen-the-greatest\/#primaryimage\"},\"thumbnailUrl\":\"https:\/\/web.consaguirre.com.ar\/noticias\/wp-content\/uploads\/2024\/11\/Mira-a-Brian-May-de-Queen-desentranar-The-Night-Comes.jpg\",\"keywords\":[\"Brian\",\"desentra\u00f1ar\",\"episodio\",\"Greatest\",\"Mira\",\"Night\",\"nuevo\",\"Queen\"],\"articleSection\":[\"El \u00faltimo\"],\"inLanguage\":\"es-AR\"},{\"@type\":\"WebPage\",\"@id\":\"https:\/\/web.consaguirre.com.ar\/noticias\/mira-a-brian-may-de-queen-desentranar-the-night-comes-down-en-el-nuevo-episodio-de-queen-the-greatest\/\",\"url\":\"https:\/\/web.consaguirre.com.ar\/noticias\/mira-a-brian-may-de-queen-desentranar-the-night-comes-down-en-el-nuevo-episodio-de-queen-the-greatest\/\",\"name\":\"Mira a Brian May de Queen desentra\u00f1ar 'The Night Comes Down' en el nuevo episodio de 'Queen: The Greatest'\",\"isPartOf\":{\"@id\":\"https:\/\/web.consaguirre.com.ar\/noticias\/#website\"},\"primaryImageOfPage\":{\"@id\":\"https:\/\/web.consaguirre.com.ar\/noticias\/mira-a-brian-may-de-queen-desentranar-the-night-comes-down-en-el-nuevo-episodio-de-queen-the-greatest\/#primaryimage\"},\"image\":{\"@id\":\"https:\/\/web.consaguirre.com.ar\/noticias\/mira-a-brian-may-de-queen-desentranar-the-night-comes-down-en-el-nuevo-episodio-de-queen-the-greatest\/#primaryimage\"},\"thumbnailUrl\":\"https:\/\/web.consaguirre.com.ar\/noticias\/wp-content\/uploads\/2024\/11\/Mira-a-Brian-May-de-Queen-desentranar-The-Night-Comes.jpg\",\"datePublished\":\"2024-11-12T02:38:27+00:00\",\"dateModified\":\"2024-11-12T02:38:28+00:00\",\"breadcrumb\":{\"@id\":\"https:\/\/web.consaguirre.com.ar\/noticias\/mira-a-brian-may-de-queen-desentranar-the-night-comes-down-en-el-nuevo-episodio-de-queen-the-greatest\/#breadcrumb\"},\"inLanguage\":\"es-AR\",\"potentialAction\":[{\"@type\":\"ReadAction\",\"target\":[\"https:\/\/web.consaguirre.com.ar\/noticias\/mira-a-brian-may-de-queen-desentranar-the-night-comes-down-en-el-nuevo-episodio-de-queen-the-greatest\/\"]}]},{\"@type\":\"ImageObject\",\"inLanguage\":\"es-AR\",\"@id\":\"https:\/\/web.consaguirre.com.ar\/noticias\/mira-a-brian-may-de-queen-desentranar-the-night-comes-down-en-el-nuevo-episodio-de-queen-the-greatest\/#primaryimage\",\"url\":\"https:\/\/web.consaguirre.com.ar\/noticias\/wp-content\/uploads\/2024\/11\/Mira-a-Brian-May-de-Queen-desentranar-The-Night-Comes.jpg\",\"contentUrl\":\"https:\/\/web.consaguirre.com.ar\/noticias\/wp-content\/uploads\/2024\/11\/Mira-a-Brian-May-de-Queen-desentranar-The-Night-Comes.jpg\",\"width\":1440,\"height\":864,\"caption\":\"Mira a Brian May de Queen desentra\u00f1ar 'The Night Comes Down' en el nuevo episodio de 'Queen: The Greatest'\"},{\"@type\":\"BreadcrumbList\",\"@id\":\"https:\/\/web.consaguirre.com.ar\/noticias\/mira-a-brian-may-de-queen-desentranar-the-night-comes-down-en-el-nuevo-episodio-de-queen-the-greatest\/#breadcrumb\",\"itemListElement\":[{\"@type\":\"ListItem\",\"position\":1,\"name\":\"Inicio\",\"item\":\"https:\/\/web.consaguirre.com.ar\/noticias\/\"},{\"@type\":\"ListItem\",\"position\":2,\"name\":\"Mira a Brian May de Queen desentra\u00f1ar &#8216;The Night Comes Down&#8217; en el nuevo episodio de &#8216;Queen: The Greatest&#8217;\"}]},{\"@type\":\"WebSite\",\"@id\":\"https:\/\/web.consaguirre.com.ar\/noticias\/#website\",\"url\":\"https:\/\/web.consaguirre.com.ar\/noticias\/\",\"name\":\"Conservatorio de M\u00fasica Juli\u00e1n Aguirre\",\"description\":\"\",\"publisher\":{\"@id\":\"https:\/\/web.consaguirre.com.ar\/noticias\/#organization\"},\"potentialAction\":[{\"@type\":\"SearchAction\",\"target\":{\"@type\":\"EntryPoint\",\"urlTemplate\":\"https:\/\/web.consaguirre.com.ar\/noticias\/?s={search_term_string}\"},\"query-input\":\"required name=search_term_string\"}],\"inLanguage\":\"es-AR\"},{\"@type\":\"Organization\",\"@id\":\"https:\/\/web.consaguirre.com.ar\/noticias\/#organization\",\"name\":\"Conservatorio de M\u00fasica Juli\u00e1n Aguirre\",\"url\":\"https:\/\/web.consaguirre.com.ar\/noticias\/\",\"logo\":{\"@type\":\"ImageObject\",\"inLanguage\":\"es-AR\",\"@id\":\"https:\/\/web.consaguirre.com.ar\/noticias\/#\/schema\/logo\/image\/\",\"url\":\"https:\/\/web.consaguirre.com.ar\/noticias\/wp-content\/uploads\/2024\/08\/Banner-Aguirre-23.jpg\",\"contentUrl\":\"https:\/\/web.consaguirre.com.ar\/noticias\/wp-content\/uploads\/2024\/08\/Banner-Aguirre-23.jpg\",\"width\":1192,\"height\":600,\"caption\":\"Conservatorio de M\u00fasica Juli\u00e1n Aguirre\"},\"image\":{\"@id\":\"https:\/\/web.consaguirre.com.ar\/noticias\/#\/schema\/logo\/image\/\"}},{\"@type\":\"Person\",\"@id\":\"https:\/\/web.consaguirre.com.ar\/noticias\/#\/schema\/person\/6558b0cfedee7ddc5425602b237d5722\",\"name\":\"Javier Figueroa\",\"image\":{\"@type\":\"ImageObject\",\"inLanguage\":\"es-AR\",\"@id\":\"https:\/\/web.consaguirre.com.ar\/noticias\/#\/schema\/person\/image\/\",\"url\":\"https:\/\/web.consaguirre.com.ar\/noticias\/wp-content\/uploads\/2024\/08\/Consaguirre-scaled.jpg\",\"contentUrl\":\"https:\/\/web.consaguirre.com.ar\/noticias\/wp-content\/uploads\/2024\/08\/Consaguirre-scaled.jpg\",\"caption\":\"Javier Figueroa\"},\"description\":\"Me llamo Javier Figueroa y soy redactor para el sitio oficial del Conservatorio de M\u00fasica Juli\u00e1n Aguirre en Buenos Aires, consaguirre.com. Apasionado por la m\u00fasica y la escritura, me esfuerzo por destacar los talentos y eventos de nuestra prestigiosa instituci\u00f3n. Mi trayectoria se nutre de una profunda admiraci\u00f3n por los artistas, haciendo de cada art\u00edculo una celebraci\u00f3n de la creatividad y la cultura musical.\",\"sameAs\":[\"https:\/\/web.consaguirre.com.ar\/noticias\"]}]}<\/script>\n<!-- \/ Yoast SEO plugin. -->","yoast_head_json":{"title":"Mira a Brian May de Queen desentra\u00f1ar 'The Night Comes Down' en el nuevo episodio de 'Queen: The Greatest'","robots":{"index":"index","follow":"follow","max-snippet":"max-snippet:-1","max-image-preview":"max-image-preview:large","max-video-preview":"max-video-preview:-1"},"canonical":"https:\/\/web.consaguirre.com.ar\/noticias\/mira-a-brian-may-de-queen-desentranar-the-night-comes-down-en-el-nuevo-episodio-de-queen-the-greatest\/","og_locale":"es_ES","og_type":"article","og_title":"Mira a Brian May de Queen desentra\u00f1ar 'The Night Comes Down' en el nuevo episodio de 'Queen: The Greatest'","og_description":"ReinaSerie web de varias partes. el mas grande est\u00e1 de vuelta con un nuevo episodio en honor a el debut hom\u00f3nimo de la banda en","og_url":"https:\/\/web.consaguirre.com.ar\/noticias\/mira-a-brian-may-de-queen-desentranar-the-night-comes-down-en-el-nuevo-episodio-de-queen-the-greatest\/","og_site_name":"Conservatorio de M\u00fasica Juli\u00e1n Aguirre","article_published_time":"2024-11-12T02:38:27+00:00","article_modified_time":"2024-11-12T02:38:28+00:00","og_image":[{"width":1440,"height":864,"url":"https:\/\/web.consaguirre.com.ar\/noticias\/wp-content\/uploads\/2024\/11\/Mira-a-Brian-May-de-Queen-desentranar-The-Night-Comes.jpg","type":"image\/jpeg"}],"author":"Javier Figueroa","twitter_card":"summary_large_image","twitter_misc":{"Escrito por":"Javier Figueroa","Tiempo de lectura":"3 minutos"},"schema":{"@context":"https:\/\/schema.org","@graph":[{"@type":"Article","@id":"https:\/\/web.consaguirre.com.ar\/noticias\/mira-a-brian-may-de-queen-desentranar-the-night-comes-down-en-el-nuevo-episodio-de-queen-the-greatest\/#article","isPartOf":{"@id":"https:\/\/web.consaguirre.com.ar\/noticias\/mira-a-brian-may-de-queen-desentranar-the-night-comes-down-en-el-nuevo-episodio-de-queen-the-greatest\/"},"author":{"name":"Javier Figueroa","@id":"https:\/\/web.consaguirre.com.ar\/noticias\/#\/schema\/person\/6558b0cfedee7ddc5425602b237d5722"},"headline":"Mira a Brian May de Queen desentra\u00f1ar &#8216;The Night Comes Down&#8217; en el nuevo episodio de &#8216;Queen: The Greatest&#8217;","datePublished":"2024-11-12T02:38:27+00:00","dateModified":"2024-11-12T02:38:28+00:00","mainEntityOfPage":{"@id":"https:\/\/web.consaguirre.com.ar\/noticias\/mira-a-brian-may-de-queen-desentranar-the-night-comes-down-en-el-nuevo-episodio-de-queen-the-greatest\/"},"wordCount":543,"publisher":{"@id":"https:\/\/web.consaguirre.com.ar\/noticias\/#organization"},"image":{"@id":"https:\/\/web.consaguirre.com.ar\/noticias\/mira-a-brian-may-de-queen-desentranar-the-night-comes-down-en-el-nuevo-episodio-de-queen-the-greatest\/#primaryimage"},"thumbnailUrl":"https:\/\/web.consaguirre.com.ar\/noticias\/wp-content\/uploads\/2024\/11\/Mira-a-Brian-May-de-Queen-desentranar-The-Night-Comes.jpg","keywords":["Brian","desentra\u00f1ar","episodio","Greatest","Mira","Night","nuevo","Queen"],"articleSection":["El \u00faltimo"],"inLanguage":"es-AR"},{"@type":"WebPage","@id":"https:\/\/web.consaguirre.com.ar\/noticias\/mira-a-brian-may-de-queen-desentranar-the-night-comes-down-en-el-nuevo-episodio-de-queen-the-greatest\/","url":"https:\/\/web.consaguirre.com.ar\/noticias\/mira-a-brian-may-de-queen-desentranar-the-night-comes-down-en-el-nuevo-episodio-de-queen-the-greatest\/","name":"Mira a Brian May de Queen desentra\u00f1ar 'The Night Comes Down' en el nuevo episodio de 'Queen: The Greatest'","isPartOf":{"@id":"https:\/\/web.consaguirre.com.ar\/noticias\/#website"},"primaryImageOfPage":{"@id":"https:\/\/web.consaguirre.com.ar\/noticias\/mira-a-brian-may-de-queen-desentranar-the-night-comes-down-en-el-nuevo-episodio-de-queen-the-greatest\/#primaryimage"},"image":{"@id":"https:\/\/web.consaguirre.com.ar\/noticias\/mira-a-brian-may-de-queen-desentranar-the-night-comes-down-en-el-nuevo-episodio-de-queen-the-greatest\/#primaryimage"},"thumbnailUrl":"https:\/\/web.consaguirre.com.ar\/noticias\/wp-content\/uploads\/2024\/11\/Mira-a-Brian-May-de-Queen-desentranar-The-Night-Comes.jpg","datePublished":"2024-11-12T02:38:27+00:00","dateModified":"2024-11-12T02:38:28+00:00","breadcrumb":{"@id":"https:\/\/web.consaguirre.com.ar\/noticias\/mira-a-brian-may-de-queen-desentranar-the-night-comes-down-en-el-nuevo-episodio-de-queen-the-greatest\/#breadcrumb"},"inLanguage":"es-AR","potentialAction":[{"@type":"ReadAction","target":["https:\/\/web.consaguirre.com.ar\/noticias\/mira-a-brian-may-de-queen-desentranar-the-night-comes-down-en-el-nuevo-episodio-de-queen-the-greatest\/"]}]},{"@type":"ImageObject","inLanguage":"es-AR","@id":"https:\/\/web.consaguirre.com.ar\/noticias\/mira-a-brian-may-de-queen-desentranar-the-night-comes-down-en-el-nuevo-episodio-de-queen-the-greatest\/#primaryimage","url":"https:\/\/web.consaguirre.com.ar\/noticias\/wp-content\/uploads\/2024\/11\/Mira-a-Brian-May-de-Queen-desentranar-The-Night-Comes.jpg","contentUrl":"https:\/\/web.consaguirre.com.ar\/noticias\/wp-content\/uploads\/2024\/11\/Mira-a-Brian-May-de-Queen-desentranar-The-Night-Comes.jpg","width":1440,"height":864,"caption":"Mira a Brian May de Queen desentra\u00f1ar 'The Night Comes Down' en el nuevo episodio de 'Queen: The Greatest'"},{"@type":"BreadcrumbList","@id":"https:\/\/web.consaguirre.com.ar\/noticias\/mira-a-brian-may-de-queen-desentranar-the-night-comes-down-en-el-nuevo-episodio-de-queen-the-greatest\/#breadcrumb","itemListElement":[{"@type":"ListItem","position":1,"name":"Inicio","item":"https:\/\/web.consaguirre.com.ar\/noticias\/"},{"@type":"ListItem","position":2,"name":"Mira a Brian May de Queen desentra\u00f1ar &#8216;The Night Comes Down&#8217; en el nuevo episodio de &#8216;Queen: The Greatest&#8217;"}]},{"@type":"WebSite","@id":"https:\/\/web.consaguirre.com.ar\/noticias\/#website","url":"https:\/\/web.consaguirre.com.ar\/noticias\/","name":"Conservatorio de M\u00fasica Juli\u00e1n Aguirre","description":"","publisher":{"@id":"https:\/\/web.consaguirre.com.ar\/noticias\/#organization"},"potentialAction":[{"@type":"SearchAction","target":{"@type":"EntryPoint","urlTemplate":"https:\/\/web.consaguirre.com.ar\/noticias\/?s={search_term_string}"},"query-input":"required name=search_term_string"}],"inLanguage":"es-AR"},{"@type":"Organization","@id":"https:\/\/web.consaguirre.com.ar\/noticias\/#organization","name":"Conservatorio de M\u00fasica Juli\u00e1n Aguirre","url":"https:\/\/web.consaguirre.com.ar\/noticias\/","logo":{"@type":"ImageObject","inLanguage":"es-AR","@id":"https:\/\/web.consaguirre.com.ar\/noticias\/#\/schema\/logo\/image\/","url":"https:\/\/web.consaguirre.com.ar\/noticias\/wp-content\/uploads\/2024\/08\/Banner-Aguirre-23.jpg","contentUrl":"https:\/\/web.consaguirre.com.ar\/noticias\/wp-content\/uploads\/2024\/08\/Banner-Aguirre-23.jpg","width":1192,"height":600,"caption":"Conservatorio de M\u00fasica Juli\u00e1n Aguirre"},"image":{"@id":"https:\/\/web.consaguirre.com.ar\/noticias\/#\/schema\/logo\/image\/"}},{"@type":"Person","@id":"https:\/\/web.consaguirre.com.ar\/noticias\/#\/schema\/person\/6558b0cfedee7ddc5425602b237d5722","name":"Javier Figueroa","image":{"@type":"ImageObject","inLanguage":"es-AR","@id":"https:\/\/web.consaguirre.com.ar\/noticias\/#\/schema\/person\/image\/","url":"https:\/\/web.consaguirre.com.ar\/noticias\/wp-content\/uploads\/2024\/08\/Consaguirre-scaled.jpg","contentUrl":"https:\/\/web.consaguirre.com.ar\/noticias\/wp-content\/uploads\/2024\/08\/Consaguirre-scaled.jpg","caption":"Javier Figueroa"},"description":"Me llamo Javier Figueroa y soy redactor para el sitio oficial del Conservatorio de M\u00fasica Juli\u00e1n Aguirre en Buenos Aires, consaguirre.com. Apasionado por la m\u00fasica y la escritura, me esfuerzo por destacar los talentos y eventos de nuestra prestigiosa instituci\u00f3n. Mi trayectoria se nutre de una profunda admiraci\u00f3n por los artistas, haciendo de cada art\u00edculo una celebraci\u00f3n de la creatividad y la cultura musical.","sameAs":["https:\/\/web.consaguirre.com.ar\/noticias"]}]}},"_links":{"self":[{"href":"https:\/\/web.consaguirre.com.ar\/noticias\/wp-json\/wp\/v2\/posts\/1079"}],"collection":[{"href":"https:\/\/web.consaguirre.com.ar\/noticias\/wp-json\/wp\/v2\/posts"}],"about":[{"href":"https:\/\/web.consaguirre.com.ar\/noticias\/wp-json\/wp\/v2\/types\/post"}],"author":[{"embeddable":true,"href":"https:\/\/web.consaguirre.com.ar\/noticias\/wp-json\/wp\/v2\/users\/1"}],"replies":[{"embeddable":true,"href":"https:\/\/web.consaguirre.com.ar\/noticias\/wp-json\/wp\/v2\/comments?post=1079"}],"version-history":[{"count":1,"href":"https:\/\/web.consaguirre.com.ar\/noticias\/wp-json\/wp\/v2\/posts\/1079\/revisions"}],"predecessor-version":[{"id":1081,"href":"https:\/\/web.consaguirre.com.ar\/noticias\/wp-json\/wp\/v2\/posts\/1079\/revisions\/1081"}],"wp:featuredmedia":[{"embeddable":true,"href":"https:\/\/web.consaguirre.com.ar\/noticias\/wp-json\/wp\/v2\/media\/1080"}],"wp:attachment":[{"href":"https:\/\/web.consaguirre.com.ar\/noticias\/wp-json\/wp\/v2\/media?parent=1079"}],"wp:term":[{"taxonomy":"category","embeddable":true,"href":"https:\/\/web.consaguirre.com.ar\/noticias\/wp-json\/wp\/v2\/categories?post=1079"},{"taxonomy":"post_tag","embeddable":true,"href":"https:\/\/web.consaguirre.com.ar\/noticias\/wp-json\/wp\/v2\/tags?post=1079"}],"curies":[{"name":"wp","href":"https:\/\/api.w.org\/{rel}","templated":true}]}}