{"id":1076,"date":"2024-11-11T20:44:07","date_gmt":"2024-11-11T23:44:07","guid":{"rendered":"https:\/\/web.consaguirre.com.ar\/noticias\/a-ha-anuncia-la-reedicion-en-vinilo-de-su-regreso-de-2009-foot-of-the-mountain\/"},"modified":"2024-11-11T20:44:09","modified_gmt":"2024-11-11T23:44:09","slug":"a-ha-anuncia-la-reedicion-en-vinilo-de-su-regreso-de-2009-foot-of-the-mountain","status":"publish","type":"post","link":"https:\/\/web.consaguirre.com.ar\/noticias\/a-ha-anuncia-la-reedicion-en-vinilo-de-su-regreso-de-2009-foot-of-the-mountain\/","title":{"rendered":"A-ha anuncia la reedici\u00f3n en vinilo de su regreso de 2009 &#8216;Foot of the Mountain&#8217;"},"content":{"rendered":"<p>El influyente grupo noruego <strong>aja<\/strong> reeditar\u00e1 su noveno \u00e1lbum de estudio, <em>Pie de la monta\u00f1a<\/em>. Lanzado originalmente en julio de 2009, el \u00e1lbum aparecer\u00e1 por primera vez en todo el mundo en vinilo transparente.<\/p>\n<p>A-ha (Paul Waaktaar-Savoy, Magne Furuholmen y Morten Harket) se formaron en 1982. Unos a\u00f1os despu\u00e9s de su carrera, el tr\u00edo encontr\u00f3 el \u00e9xito con \u201cTake On Me\u201d. El v\u00eddeo musical de la canci\u00f3n, que mezclaba acci\u00f3n en vivo y animaci\u00f3n, fue especialmente impactante y se transmiti\u00f3 con frecuencia en MTV. \u201cTake on Me\u201d ayud\u00f3 a a-ha a abrirse paso a nivel internacional y la canci\u00f3n alcanz\u00f3 el n\u00famero 1 en las listas de Billboard de EE. UU., convirtiendo a a-ha en la primera banda noruega en tener un \u00e9xito en las listas de Estados Unidos.<\/p>\n<div class=\"uD-YT-container\"><img decoding=\"async\" src=\"https:\/\/web.consaguirre.com.ar\/noticias\/wp-content\/uploads\/2024\/11\/1731368647_327_A-ha-anuncia-la-reedicion-en-vinilo-de-su-regreso-de.jpg\" alt=\"V\u00eddeo de YouTube\"><br \/>Haga clic para cargar v\u00eddeo<\/div>\n<p>En <em>Pie de la monta\u00f1a<\/em>a-ha volvi\u00f3 a su sonido synth-pop original. En una entrevista contempor\u00e1nea, Furuholmen coment\u00f3 que &#8220;Es un \u00e1lbum que incorpora los elementos clave que primero definieron a la banda: voces alt\u00edsimas, ganchos de sintetizador, letras anhelantes y melancol\u00eda mel\u00f3dica&#8221;. El \u00e1lbum encabez\u00f3 las listas en Alemania y apareci\u00f3 entre los 10 primeros en Noruega y el Reino Unido.<\/p>\n<p>El \u00e1lbum estuvo encabezado por sencillos como &#8220;Foot of the Mountain&#8221;, &#8220;Nothing Is Keeping You Here&#8221; y &#8220;Shadowside&#8221;. Tambi\u00e9n incluye pistas como \u201cStart the Simulator\u201d, compuestas utilizando la jerga t\u00e9cnica de la carrera espacial de la era de la Guerra Fr\u00eda. &#8220;La idea b\u00e1sica&#8221;, dijo Waaktaar-Savoy, &#8220;era hacer una canci\u00f3n usando s\u00f3lo t\u00e9rminos y frases t\u00e9cnicas, y aun as\u00ed hacerla muy emotiva y personal&#8221;.<\/p>\n<p><em>Pie de la monta\u00f1a<\/em> marc\u00f3 el regreso de a-ha. Antes de la gira Ending on a High Note de la banda, a-ha anunci\u00f3 que se disolver\u00edan. El grupo se reuni\u00f3 cinco a\u00f1os despu\u00e9s para un festival en Brasil y anunci\u00f3 un \u201cregreso temporal\u201d con un nuevo disco. <em>Fundido en acero<\/em>que inclu\u00eda la canci\u00f3n \u201cUnder the Makeup\u201d. En 2022, a-ha lanz\u00f3 su und\u00e9cimo \u00e1lbum de estudio, <em>Norte verdadero<\/em>.<\/p>\n<p><strong>Ordene el \u00e1lbum a-ha <em>Pie de la monta\u00f1a<\/em> en vinilo ahora.<\/strong><\/p>\n","protected":false},"excerpt":{"rendered":"<p>El influyente grupo noruego aja reeditar\u00e1 su noveno \u00e1lbum de estudio, Pie de la monta\u00f1a. Lanzado originalmente en julio de 2009, el \u00e1lbum aparecer\u00e1 por<\/p>\n","protected":false},"author":1,"featured_media":1077,"comment_status":"closed","ping_status":"","sticky":false,"template":"","format":"standard","meta":{"footnotes":""},"categories":[50],"tags":[1211,56,1213,1214,117,1212,87],"class_list":["post-1076","post","type-post","status-publish","format-standard","has-post-thumbnail","hentry","category-el-ultimo","tag-aha","tag-anuncia","tag-foot","tag-mountain","tag-reedicion","tag-regreso","tag-vinilo","generate-columns","tablet-grid-50","mobile-grid-100","grid-parent","grid-50"],"yoast_head":"<!-- This site is optimized with the Yoast SEO plugin v23.3 - https:\/\/yoast.com\/wordpress\/plugins\/seo\/ -->\n<title>A-ha anuncia la reedici\u00f3n en vinilo de su regreso de 2009 &#039;Foot of the Mountain&#039;<\/title>\n<meta name=\"robots\" content=\"index, follow, max-snippet:-1, max-image-preview:large, max-video-preview:-1\" \/>\n<link rel=\"canonical\" href=\"https:\/\/web.consaguirre.com.ar\/noticias\/a-ha-anuncia-la-reedicion-en-vinilo-de-su-regreso-de-2009-foot-of-the-mountain\/\" \/>\n<meta property=\"og:locale\" content=\"es_ES\" \/>\n<meta property=\"og:type\" content=\"article\" \/>\n<meta property=\"og:title\" content=\"A-ha anuncia la reedici\u00f3n en vinilo de su regreso de 2009 &#039;Foot of the Mountain&#039;\" \/>\n<meta property=\"og:description\" content=\"El influyente grupo noruego aja reeditar\u00e1 su noveno \u00e1lbum de estudio, Pie de la monta\u00f1a. Lanzado originalmente en julio de 2009, el \u00e1lbum aparecer\u00e1 por\" \/>\n<meta property=\"og:url\" content=\"https:\/\/web.consaguirre.com.ar\/noticias\/a-ha-anuncia-la-reedicion-en-vinilo-de-su-regreso-de-2009-foot-of-the-mountain\/\" \/>\n<meta property=\"og:site_name\" content=\"Conservatorio de M\u00fasica Juli\u00e1n Aguirre\" \/>\n<meta property=\"article:published_time\" content=\"2024-11-11T23:44:07+00:00\" \/>\n<meta property=\"article:modified_time\" content=\"2024-11-11T23:44:09+00:00\" \/>\n<meta property=\"og:image\" content=\"https:\/\/web.consaguirre.com.ar\/noticias\/wp-content\/uploads\/2024\/11\/A-ha-anuncia-la-reedicion-en-vinilo-de-su-regreso-de.jpg\" \/>\n\t<meta property=\"og:image:width\" content=\"1280\" \/>\n\t<meta property=\"og:image:height\" content=\"1280\" \/>\n\t<meta property=\"og:image:type\" content=\"image\/jpeg\" \/>\n<meta name=\"author\" content=\"Javier Figueroa\" \/>\n<meta name=\"twitter:card\" content=\"summary_large_image\" \/>\n<meta name=\"twitter:label1\" content=\"Escrito por\" \/>\n\t<meta name=\"twitter:data1\" content=\"Javier Figueroa\" \/>\n\t<meta name=\"twitter:label2\" content=\"Tiempo de lectura\" \/>\n\t<meta name=\"twitter:data2\" content=\"2 minutos\" \/>\n<script type=\"application\/ld+json\" class=\"yoast-schema-graph\">{\"@context\":\"https:\/\/schema.org\",\"@graph\":[{\"@type\":\"Article\",\"@id\":\"https:\/\/web.consaguirre.com.ar\/noticias\/a-ha-anuncia-la-reedicion-en-vinilo-de-su-regreso-de-2009-foot-of-the-mountain\/#article\",\"isPartOf\":{\"@id\":\"https:\/\/web.consaguirre.com.ar\/noticias\/a-ha-anuncia-la-reedicion-en-vinilo-de-su-regreso-de-2009-foot-of-the-mountain\/\"},\"author\":{\"name\":\"Javier Figueroa\",\"@id\":\"https:\/\/web.consaguirre.com.ar\/noticias\/#\/schema\/person\/6558b0cfedee7ddc5425602b237d5722\"},\"headline\":\"A-ha anuncia la reedici\u00f3n en vinilo de su regreso de 2009 &#8216;Foot of the Mountain&#8217;\",\"datePublished\":\"2024-11-11T23:44:07+00:00\",\"dateModified\":\"2024-11-11T23:44:09+00:00\",\"mainEntityOfPage\":{\"@id\":\"https:\/\/web.consaguirre.com.ar\/noticias\/a-ha-anuncia-la-reedicion-en-vinilo-de-su-regreso-de-2009-foot-of-the-mountain\/\"},\"wordCount\":379,\"publisher\":{\"@id\":\"https:\/\/web.consaguirre.com.ar\/noticias\/#organization\"},\"image\":{\"@id\":\"https:\/\/web.consaguirre.com.ar\/noticias\/a-ha-anuncia-la-reedicion-en-vinilo-de-su-regreso-de-2009-foot-of-the-mountain\/#primaryimage\"},\"thumbnailUrl\":\"https:\/\/web.consaguirre.com.ar\/noticias\/wp-content\/uploads\/2024\/11\/A-ha-anuncia-la-reedicion-en-vinilo-de-su-regreso-de.jpg\",\"keywords\":[\"Aha\",\"anuncia\",\"Foot\",\"Mountain\",\"reedici\u00f3n\",\"regreso\",\"vinilo\"],\"articleSection\":[\"El \u00faltimo\"],\"inLanguage\":\"es-AR\"},{\"@type\":\"WebPage\",\"@id\":\"https:\/\/web.consaguirre.com.ar\/noticias\/a-ha-anuncia-la-reedicion-en-vinilo-de-su-regreso-de-2009-foot-of-the-mountain\/\",\"url\":\"https:\/\/web.consaguirre.com.ar\/noticias\/a-ha-anuncia-la-reedicion-en-vinilo-de-su-regreso-de-2009-foot-of-the-mountain\/\",\"name\":\"A-ha anuncia la reedici\u00f3n en vinilo de su regreso de 2009 'Foot of the Mountain'\",\"isPartOf\":{\"@id\":\"https:\/\/web.consaguirre.com.ar\/noticias\/#website\"},\"primaryImageOfPage\":{\"@id\":\"https:\/\/web.consaguirre.com.ar\/noticias\/a-ha-anuncia-la-reedicion-en-vinilo-de-su-regreso-de-2009-foot-of-the-mountain\/#primaryimage\"},\"image\":{\"@id\":\"https:\/\/web.consaguirre.com.ar\/noticias\/a-ha-anuncia-la-reedicion-en-vinilo-de-su-regreso-de-2009-foot-of-the-mountain\/#primaryimage\"},\"thumbnailUrl\":\"https:\/\/web.consaguirre.com.ar\/noticias\/wp-content\/uploads\/2024\/11\/A-ha-anuncia-la-reedicion-en-vinilo-de-su-regreso-de.jpg\",\"datePublished\":\"2024-11-11T23:44:07+00:00\",\"dateModified\":\"2024-11-11T23:44:09+00:00\",\"breadcrumb\":{\"@id\":\"https:\/\/web.consaguirre.com.ar\/noticias\/a-ha-anuncia-la-reedicion-en-vinilo-de-su-regreso-de-2009-foot-of-the-mountain\/#breadcrumb\"},\"inLanguage\":\"es-AR\",\"potentialAction\":[{\"@type\":\"ReadAction\",\"target\":[\"https:\/\/web.consaguirre.com.ar\/noticias\/a-ha-anuncia-la-reedicion-en-vinilo-de-su-regreso-de-2009-foot-of-the-mountain\/\"]}]},{\"@type\":\"ImageObject\",\"inLanguage\":\"es-AR\",\"@id\":\"https:\/\/web.consaguirre.com.ar\/noticias\/a-ha-anuncia-la-reedicion-en-vinilo-de-su-regreso-de-2009-foot-of-the-mountain\/#primaryimage\",\"url\":\"https:\/\/web.consaguirre.com.ar\/noticias\/wp-content\/uploads\/2024\/11\/A-ha-anuncia-la-reedicion-en-vinilo-de-su-regreso-de.jpg\",\"contentUrl\":\"https:\/\/web.consaguirre.com.ar\/noticias\/wp-content\/uploads\/2024\/11\/A-ha-anuncia-la-reedicion-en-vinilo-de-su-regreso-de.jpg\",\"width\":1280,\"height\":1280,\"caption\":\"A-ha anuncia la reedici\u00f3n en vinilo de su regreso de 2009 'Foot of the Mountain'\"},{\"@type\":\"BreadcrumbList\",\"@id\":\"https:\/\/web.consaguirre.com.ar\/noticias\/a-ha-anuncia-la-reedicion-en-vinilo-de-su-regreso-de-2009-foot-of-the-mountain\/#breadcrumb\",\"itemListElement\":[{\"@type\":\"ListItem\",\"position\":1,\"name\":\"Inicio\",\"item\":\"https:\/\/web.consaguirre.com.ar\/noticias\/\"},{\"@type\":\"ListItem\",\"position\":2,\"name\":\"A-ha anuncia la reedici\u00f3n en vinilo de su regreso de 2009 &#8216;Foot of the Mountain&#8217;\"}]},{\"@type\":\"WebSite\",\"@id\":\"https:\/\/web.consaguirre.com.ar\/noticias\/#website\",\"url\":\"https:\/\/web.consaguirre.com.ar\/noticias\/\",\"name\":\"Conservatorio de M\u00fasica Juli\u00e1n Aguirre\",\"description\":\"\",\"publisher\":{\"@id\":\"https:\/\/web.consaguirre.com.ar\/noticias\/#organization\"},\"potentialAction\":[{\"@type\":\"SearchAction\",\"target\":{\"@type\":\"EntryPoint\",\"urlTemplate\":\"https:\/\/web.consaguirre.com.ar\/noticias\/?s={search_term_string}\"},\"query-input\":\"required name=search_term_string\"}],\"inLanguage\":\"es-AR\"},{\"@type\":\"Organization\",\"@id\":\"https:\/\/web.consaguirre.com.ar\/noticias\/#organization\",\"name\":\"Conservatorio de M\u00fasica Juli\u00e1n Aguirre\",\"url\":\"https:\/\/web.consaguirre.com.ar\/noticias\/\",\"logo\":{\"@type\":\"ImageObject\",\"inLanguage\":\"es-AR\",\"@id\":\"https:\/\/web.consaguirre.com.ar\/noticias\/#\/schema\/logo\/image\/\",\"url\":\"https:\/\/web.consaguirre.com.ar\/noticias\/wp-content\/uploads\/2024\/08\/Banner-Aguirre-23.jpg\",\"contentUrl\":\"https:\/\/web.consaguirre.com.ar\/noticias\/wp-content\/uploads\/2024\/08\/Banner-Aguirre-23.jpg\",\"width\":1192,\"height\":600,\"caption\":\"Conservatorio de M\u00fasica Juli\u00e1n Aguirre\"},\"image\":{\"@id\":\"https:\/\/web.consaguirre.com.ar\/noticias\/#\/schema\/logo\/image\/\"}},{\"@type\":\"Person\",\"@id\":\"https:\/\/web.consaguirre.com.ar\/noticias\/#\/schema\/person\/6558b0cfedee7ddc5425602b237d5722\",\"name\":\"Javier Figueroa\",\"image\":{\"@type\":\"ImageObject\",\"inLanguage\":\"es-AR\",\"@id\":\"https:\/\/web.consaguirre.com.ar\/noticias\/#\/schema\/person\/image\/\",\"url\":\"https:\/\/web.consaguirre.com.ar\/noticias\/wp-content\/uploads\/2024\/08\/Consaguirre-scaled.jpg\",\"contentUrl\":\"https:\/\/web.consaguirre.com.ar\/noticias\/wp-content\/uploads\/2024\/08\/Consaguirre-scaled.jpg\",\"caption\":\"Javier Figueroa\"},\"description\":\"Me llamo Javier Figueroa y soy redactor para el sitio oficial del Conservatorio de M\u00fasica Juli\u00e1n Aguirre en Buenos Aires, consaguirre.com. Apasionado por la m\u00fasica y la escritura, me esfuerzo por destacar los talentos y eventos de nuestra prestigiosa instituci\u00f3n. Mi trayectoria se nutre de una profunda admiraci\u00f3n por los artistas, haciendo de cada art\u00edculo una celebraci\u00f3n de la creatividad y la cultura musical.\",\"sameAs\":[\"https:\/\/web.consaguirre.com.ar\/noticias\"]}]}<\/script>\n<!-- \/ Yoast SEO plugin. -->","yoast_head_json":{"title":"A-ha anuncia la reedici\u00f3n en vinilo de su regreso de 2009 'Foot of the Mountain'","robots":{"index":"index","follow":"follow","max-snippet":"max-snippet:-1","max-image-preview":"max-image-preview:large","max-video-preview":"max-video-preview:-1"},"canonical":"https:\/\/web.consaguirre.com.ar\/noticias\/a-ha-anuncia-la-reedicion-en-vinilo-de-su-regreso-de-2009-foot-of-the-mountain\/","og_locale":"es_ES","og_type":"article","og_title":"A-ha anuncia la reedici\u00f3n en vinilo de su regreso de 2009 'Foot of the Mountain'","og_description":"El influyente grupo noruego aja reeditar\u00e1 su noveno \u00e1lbum de estudio, Pie de la monta\u00f1a. Lanzado originalmente en julio de 2009, el \u00e1lbum aparecer\u00e1 por","og_url":"https:\/\/web.consaguirre.com.ar\/noticias\/a-ha-anuncia-la-reedicion-en-vinilo-de-su-regreso-de-2009-foot-of-the-mountain\/","og_site_name":"Conservatorio de M\u00fasica Juli\u00e1n Aguirre","article_published_time":"2024-11-11T23:44:07+00:00","article_modified_time":"2024-11-11T23:44:09+00:00","og_image":[{"width":1280,"height":1280,"url":"https:\/\/web.consaguirre.com.ar\/noticias\/wp-content\/uploads\/2024\/11\/A-ha-anuncia-la-reedicion-en-vinilo-de-su-regreso-de.jpg","type":"image\/jpeg"}],"author":"Javier Figueroa","twitter_card":"summary_large_image","twitter_misc":{"Escrito por":"Javier Figueroa","Tiempo de lectura":"2 minutos"},"schema":{"@context":"https:\/\/schema.org","@graph":[{"@type":"Article","@id":"https:\/\/web.consaguirre.com.ar\/noticias\/a-ha-anuncia-la-reedicion-en-vinilo-de-su-regreso-de-2009-foot-of-the-mountain\/#article","isPartOf":{"@id":"https:\/\/web.consaguirre.com.ar\/noticias\/a-ha-anuncia-la-reedicion-en-vinilo-de-su-regreso-de-2009-foot-of-the-mountain\/"},"author":{"name":"Javier Figueroa","@id":"https:\/\/web.consaguirre.com.ar\/noticias\/#\/schema\/person\/6558b0cfedee7ddc5425602b237d5722"},"headline":"A-ha anuncia la reedici\u00f3n en vinilo de su regreso de 2009 &#8216;Foot of the Mountain&#8217;","datePublished":"2024-11-11T23:44:07+00:00","dateModified":"2024-11-11T23:44:09+00:00","mainEntityOfPage":{"@id":"https:\/\/web.consaguirre.com.ar\/noticias\/a-ha-anuncia-la-reedicion-en-vinilo-de-su-regreso-de-2009-foot-of-the-mountain\/"},"wordCount":379,"publisher":{"@id":"https:\/\/web.consaguirre.com.ar\/noticias\/#organization"},"image":{"@id":"https:\/\/web.consaguirre.com.ar\/noticias\/a-ha-anuncia-la-reedicion-en-vinilo-de-su-regreso-de-2009-foot-of-the-mountain\/#primaryimage"},"thumbnailUrl":"https:\/\/web.consaguirre.com.ar\/noticias\/wp-content\/uploads\/2024\/11\/A-ha-anuncia-la-reedicion-en-vinilo-de-su-regreso-de.jpg","keywords":["Aha","anuncia","Foot","Mountain","reedici\u00f3n","regreso","vinilo"],"articleSection":["El \u00faltimo"],"inLanguage":"es-AR"},{"@type":"WebPage","@id":"https:\/\/web.consaguirre.com.ar\/noticias\/a-ha-anuncia-la-reedicion-en-vinilo-de-su-regreso-de-2009-foot-of-the-mountain\/","url":"https:\/\/web.consaguirre.com.ar\/noticias\/a-ha-anuncia-la-reedicion-en-vinilo-de-su-regreso-de-2009-foot-of-the-mountain\/","name":"A-ha anuncia la reedici\u00f3n en vinilo de su regreso de 2009 'Foot of the Mountain'","isPartOf":{"@id":"https:\/\/web.consaguirre.com.ar\/noticias\/#website"},"primaryImageOfPage":{"@id":"https:\/\/web.consaguirre.com.ar\/noticias\/a-ha-anuncia-la-reedicion-en-vinilo-de-su-regreso-de-2009-foot-of-the-mountain\/#primaryimage"},"image":{"@id":"https:\/\/web.consaguirre.com.ar\/noticias\/a-ha-anuncia-la-reedicion-en-vinilo-de-su-regreso-de-2009-foot-of-the-mountain\/#primaryimage"},"thumbnailUrl":"https:\/\/web.consaguirre.com.ar\/noticias\/wp-content\/uploads\/2024\/11\/A-ha-anuncia-la-reedicion-en-vinilo-de-su-regreso-de.jpg","datePublished":"2024-11-11T23:44:07+00:00","dateModified":"2024-11-11T23:44:09+00:00","breadcrumb":{"@id":"https:\/\/web.consaguirre.com.ar\/noticias\/a-ha-anuncia-la-reedicion-en-vinilo-de-su-regreso-de-2009-foot-of-the-mountain\/#breadcrumb"},"inLanguage":"es-AR","potentialAction":[{"@type":"ReadAction","target":["https:\/\/web.consaguirre.com.ar\/noticias\/a-ha-anuncia-la-reedicion-en-vinilo-de-su-regreso-de-2009-foot-of-the-mountain\/"]}]},{"@type":"ImageObject","inLanguage":"es-AR","@id":"https:\/\/web.consaguirre.com.ar\/noticias\/a-ha-anuncia-la-reedicion-en-vinilo-de-su-regreso-de-2009-foot-of-the-mountain\/#primaryimage","url":"https:\/\/web.consaguirre.com.ar\/noticias\/wp-content\/uploads\/2024\/11\/A-ha-anuncia-la-reedicion-en-vinilo-de-su-regreso-de.jpg","contentUrl":"https:\/\/web.consaguirre.com.ar\/noticias\/wp-content\/uploads\/2024\/11\/A-ha-anuncia-la-reedicion-en-vinilo-de-su-regreso-de.jpg","width":1280,"height":1280,"caption":"A-ha anuncia la reedici\u00f3n en vinilo de su regreso de 2009 'Foot of the Mountain'"},{"@type":"BreadcrumbList","@id":"https:\/\/web.consaguirre.com.ar\/noticias\/a-ha-anuncia-la-reedicion-en-vinilo-de-su-regreso-de-2009-foot-of-the-mountain\/#breadcrumb","itemListElement":[{"@type":"ListItem","position":1,"name":"Inicio","item":"https:\/\/web.consaguirre.com.ar\/noticias\/"},{"@type":"ListItem","position":2,"name":"A-ha anuncia la reedici\u00f3n en vinilo de su regreso de 2009 &#8216;Foot of the Mountain&#8217;"}]},{"@type":"WebSite","@id":"https:\/\/web.consaguirre.com.ar\/noticias\/#website","url":"https:\/\/web.consaguirre.com.ar\/noticias\/","name":"Conservatorio de M\u00fasica Juli\u00e1n Aguirre","description":"","publisher":{"@id":"https:\/\/web.consaguirre.com.ar\/noticias\/#organization"},"potentialAction":[{"@type":"SearchAction","target":{"@type":"EntryPoint","urlTemplate":"https:\/\/web.consaguirre.com.ar\/noticias\/?s={search_term_string}"},"query-input":"required name=search_term_string"}],"inLanguage":"es-AR"},{"@type":"Organization","@id":"https:\/\/web.consaguirre.com.ar\/noticias\/#organization","name":"Conservatorio de M\u00fasica Juli\u00e1n Aguirre","url":"https:\/\/web.consaguirre.com.ar\/noticias\/","logo":{"@type":"ImageObject","inLanguage":"es-AR","@id":"https:\/\/web.consaguirre.com.ar\/noticias\/#\/schema\/logo\/image\/","url":"https:\/\/web.consaguirre.com.ar\/noticias\/wp-content\/uploads\/2024\/08\/Banner-Aguirre-23.jpg","contentUrl":"https:\/\/web.consaguirre.com.ar\/noticias\/wp-content\/uploads\/2024\/08\/Banner-Aguirre-23.jpg","width":1192,"height":600,"caption":"Conservatorio de M\u00fasica Juli\u00e1n Aguirre"},"image":{"@id":"https:\/\/web.consaguirre.com.ar\/noticias\/#\/schema\/logo\/image\/"}},{"@type":"Person","@id":"https:\/\/web.consaguirre.com.ar\/noticias\/#\/schema\/person\/6558b0cfedee7ddc5425602b237d5722","name":"Javier Figueroa","image":{"@type":"ImageObject","inLanguage":"es-AR","@id":"https:\/\/web.consaguirre.com.ar\/noticias\/#\/schema\/person\/image\/","url":"https:\/\/web.consaguirre.com.ar\/noticias\/wp-content\/uploads\/2024\/08\/Consaguirre-scaled.jpg","contentUrl":"https:\/\/web.consaguirre.com.ar\/noticias\/wp-content\/uploads\/2024\/08\/Consaguirre-scaled.jpg","caption":"Javier Figueroa"},"description":"Me llamo Javier Figueroa y soy redactor para el sitio oficial del Conservatorio de M\u00fasica Juli\u00e1n Aguirre en Buenos Aires, consaguirre.com. Apasionado por la m\u00fasica y la escritura, me esfuerzo por destacar los talentos y eventos de nuestra prestigiosa instituci\u00f3n. Mi trayectoria se nutre de una profunda admiraci\u00f3n por los artistas, haciendo de cada art\u00edculo una celebraci\u00f3n de la creatividad y la cultura musical.","sameAs":["https:\/\/web.consaguirre.com.ar\/noticias"]}]}},"_links":{"self":[{"href":"https:\/\/web.consaguirre.com.ar\/noticias\/wp-json\/wp\/v2\/posts\/1076"}],"collection":[{"href":"https:\/\/web.consaguirre.com.ar\/noticias\/wp-json\/wp\/v2\/posts"}],"about":[{"href":"https:\/\/web.consaguirre.com.ar\/noticias\/wp-json\/wp\/v2\/types\/post"}],"author":[{"embeddable":true,"href":"https:\/\/web.consaguirre.com.ar\/noticias\/wp-json\/wp\/v2\/users\/1"}],"replies":[{"embeddable":true,"href":"https:\/\/web.consaguirre.com.ar\/noticias\/wp-json\/wp\/v2\/comments?post=1076"}],"version-history":[{"count":1,"href":"https:\/\/web.consaguirre.com.ar\/noticias\/wp-json\/wp\/v2\/posts\/1076\/revisions"}],"predecessor-version":[{"id":1078,"href":"https:\/\/web.consaguirre.com.ar\/noticias\/wp-json\/wp\/v2\/posts\/1076\/revisions\/1078"}],"wp:featuredmedia":[{"embeddable":true,"href":"https:\/\/web.consaguirre.com.ar\/noticias\/wp-json\/wp\/v2\/media\/1077"}],"wp:attachment":[{"href":"https:\/\/web.consaguirre.com.ar\/noticias\/wp-json\/wp\/v2\/media?parent=1076"}],"wp:term":[{"taxonomy":"category","embeddable":true,"href":"https:\/\/web.consaguirre.com.ar\/noticias\/wp-json\/wp\/v2\/categories?post=1076"},{"taxonomy":"post_tag","embeddable":true,"href":"https:\/\/web.consaguirre.com.ar\/noticias\/wp-json\/wp\/v2\/tags?post=1076"}],"curies":[{"name":"wp","href":"https:\/\/api.w.org\/{rel}","templated":true}]}}