{"id":1073,"date":"2024-11-11T17:44:37","date_gmt":"2024-11-11T20:44:37","guid":{"rendered":"https:\/\/web.consaguirre.com.ar\/noticias\/la-banda-marchante-de-notre-dame-rinde-homenaje-a-bon-jovi\/"},"modified":"2024-11-11T17:44:38","modified_gmt":"2024-11-11T20:44:38","slug":"la-banda-marchante-de-notre-dame-rinde-homenaje-a-bon-jovi","status":"publish","type":"post","link":"https:\/\/web.consaguirre.com.ar\/noticias\/la-banda-marchante-de-notre-dame-rinde-homenaje-a-bon-jovi\/","title":{"rendered":"La Banda Marchante de Notre Dame rinde homenaje a Bon Jovi"},"content":{"rendered":"<p>El s\u00e1bado 9 de noviembre, la banda de m\u00fasica de Notre Dame interpret\u00f3 un <strong>Bonjovi<\/strong> Homenaje en el entretiempo. El rockero titular de Nueva Jersey estuvo presente en el estadio de Notre Dame en South Bend, Indiana, para presenciar el juego de Fighting Irish contra Florida State.<\/p>\n<p>Jon Bon Jovi permaneci\u00f3 en el campo y observ\u00f3 a la banda interpretar interpretaciones de \u201cIt&#8217;s My Life\u201d, \u201cYou Give Love a Bad Name\u201d y \u201cLivin&#8217; on a Prayer\u201d. Luego, el miembro del Sal\u00f3n de la Fama del Rock and Roll dirigi\u00f3 como invitado una actuaci\u00f3n de la Marcha de la Victoria de Notre Dame.<\/p>\n<p><strong>Pide Bon Jovi&#8217;s <em>Grandes \u00e9xitos<\/em> en vinilo.<\/strong><\/p>\n<p>&#8220;\u00a1Oye, Jon Bon Jovi aqu\u00ed en el campo!&#8221; <strong>dijo en un v\u00eddeo compartido por Fighting Irish Football<\/strong>. \u201cF\u00fatbol de Notre Dame: \u00bfqu\u00e9 podr\u00eda ser mejor?\u201d<\/p>\n<p>Jon Bon Jovi y Notre Dame tienen una relaci\u00f3n de larga data. Su hijo, Jesse Bongiovi, entr\u00f3 en el equipo como back defensivo y el rockero ha sido un gran apoyo del equipo. En mayo, Bon Jovi se asoci\u00f3 con la Universidad de Notre Dame para <strong>un vinilo de edici\u00f3n especial del \u00e1lbum 2024 de la banda <em>Para siempre<\/em><\/strong>que estuvo encabezado por el sencillo \u201cLegendary\u201d. El vinilo de edici\u00f3n limitada presentaba elementos de dise\u00f1o inspirados en Fighting Irish. &#8220;Soy fan\u00e1tico de Notre Dame desde hace mucho tiempo y tengo muchos recuerdos incre\u00edbles en el campus apoyando a los Fighting Irish con nuestra familia&#8221;, dijo Bon Jovi.<\/p>\n<p>En abril, Hulu lanz\u00f3 la serie documental. <strong><em>Gracias, buenas noches: la historia de Bon Jovi<\/em><\/strong>. Los cuatro episodios cubren el ascenso de Bon Jovi al estrellato, as\u00ed como los problemas vocales que han afectado al l\u00edder de la banda en los \u00faltimos a\u00f1os.<\/p>\n<p>A principios de este a\u00f1o, Bon Jovi reedit\u00f3 su cl\u00e1sico \u00e1lbum recopilatorio, <em>Grandes \u00e9xitos<\/em>en vinilo 2LP. Lanzado originalmente en 2010, el \u00e1lbum lleg\u00f3 al Top 5 del Billboard 200, adem\u00e1s de alcanzar el puesto n\u00famero 1 en la lista de los mejores \u00e1lbumes de rock de EE. UU. y en la lista de los mejores \u00e1lbumes de hard rock de EE. UU. Ese \u00e1lbum incluye varios de los \u00e9xitos de la banda, incluido \u201cLivin&#8217; on a Prayer\u201d, que recientemente obtuvo la certificaci\u00f3n Diamante de la RIAA casi 40 a\u00f1os despu\u00e9s de su lanzamiento inicial, lo que marca la primera canci\u00f3n de la banda en lograr este hito.<\/p>\n<p><strong>Pide Bon Jovi&#8217;s <em>Grandes \u00e9xitos<\/em> en vinilo.<\/strong><\/p><\/p>\n","protected":false},"excerpt":{"rendered":"<p>El s\u00e1bado 9 de noviembre, la banda de m\u00fasica de Notre Dame interpret\u00f3 un Bonjovi Homenaje en el entretiempo. El rockero titular de Nueva Jersey<\/p>\n","protected":false},"author":1,"featured_media":1074,"comment_status":"closed","ping_status":"","sticky":false,"template":"","format":"standard","meta":{"footnotes":""},"categories":[50],"tags":[471,923,1209,163,924,1207,1208,1210],"class_list":["post-1073","post","type-post","status-publish","format-standard","has-post-thumbnail","hentry","category-el-ultimo","tag-banda","tag-bon","tag-dame","tag-homenaje","tag-jovi","tag-marchante","tag-notre","tag-rinde","generate-columns","tablet-grid-50","mobile-grid-100","grid-parent","grid-50"],"yoast_head":"<!-- This site is optimized with the Yoast SEO plugin v23.3 - https:\/\/yoast.com\/wordpress\/plugins\/seo\/ -->\n<title>La Banda Marchante de Notre Dame rinde homenaje a Bon Jovi<\/title>\n<meta name=\"robots\" content=\"index, follow, max-snippet:-1, max-image-preview:large, max-video-preview:-1\" \/>\n<link rel=\"canonical\" href=\"https:\/\/web.consaguirre.com.ar\/noticias\/la-banda-marchante-de-notre-dame-rinde-homenaje-a-bon-jovi\/\" \/>\n<meta property=\"og:locale\" content=\"es_ES\" \/>\n<meta property=\"og:type\" content=\"article\" \/>\n<meta property=\"og:title\" content=\"La Banda Marchante de Notre Dame rinde homenaje a Bon Jovi\" \/>\n<meta property=\"og:description\" content=\"El s\u00e1bado 9 de noviembre, la banda de m\u00fasica de Notre Dame interpret\u00f3 un Bonjovi Homenaje en el entretiempo. El rockero titular de Nueva Jersey\" \/>\n<meta property=\"og:url\" content=\"https:\/\/web.consaguirre.com.ar\/noticias\/la-banda-marchante-de-notre-dame-rinde-homenaje-a-bon-jovi\/\" \/>\n<meta property=\"og:site_name\" content=\"Conservatorio de M\u00fasica Juli\u00e1n Aguirre\" \/>\n<meta property=\"article:published_time\" content=\"2024-11-11T20:44:37+00:00\" \/>\n<meta property=\"article:modified_time\" content=\"2024-11-11T20:44:38+00:00\" \/>\n<meta property=\"og:image\" content=\"https:\/\/web.consaguirre.com.ar\/noticias\/wp-content\/uploads\/2024\/11\/La-Banda-Marchante-de-Notre-Dame-rinde-homenaje-a-Bon.jpg\" \/>\n\t<meta property=\"og:image:width\" content=\"1440\" \/>\n\t<meta property=\"og:image:height\" content=\"864\" \/>\n\t<meta property=\"og:image:type\" content=\"image\/jpeg\" \/>\n<meta name=\"author\" content=\"Javier Figueroa\" \/>\n<meta name=\"twitter:card\" content=\"summary_large_image\" \/>\n<meta name=\"twitter:label1\" content=\"Escrito por\" \/>\n\t<meta name=\"twitter:data1\" content=\"Javier Figueroa\" \/>\n\t<meta name=\"twitter:label2\" content=\"Tiempo de lectura\" \/>\n\t<meta name=\"twitter:data2\" content=\"2 minutos\" \/>\n<script type=\"application\/ld+json\" class=\"yoast-schema-graph\">{\"@context\":\"https:\/\/schema.org\",\"@graph\":[{\"@type\":\"Article\",\"@id\":\"https:\/\/web.consaguirre.com.ar\/noticias\/la-banda-marchante-de-notre-dame-rinde-homenaje-a-bon-jovi\/#article\",\"isPartOf\":{\"@id\":\"https:\/\/web.consaguirre.com.ar\/noticias\/la-banda-marchante-de-notre-dame-rinde-homenaje-a-bon-jovi\/\"},\"author\":{\"name\":\"Javier Figueroa\",\"@id\":\"https:\/\/web.consaguirre.com.ar\/noticias\/#\/schema\/person\/6558b0cfedee7ddc5425602b237d5722\"},\"headline\":\"La Banda Marchante de Notre Dame rinde homenaje a Bon Jovi\",\"datePublished\":\"2024-11-11T20:44:37+00:00\",\"dateModified\":\"2024-11-11T20:44:38+00:00\",\"mainEntityOfPage\":{\"@id\":\"https:\/\/web.consaguirre.com.ar\/noticias\/la-banda-marchante-de-notre-dame-rinde-homenaje-a-bon-jovi\/\"},\"wordCount\":428,\"publisher\":{\"@id\":\"https:\/\/web.consaguirre.com.ar\/noticias\/#organization\"},\"image\":{\"@id\":\"https:\/\/web.consaguirre.com.ar\/noticias\/la-banda-marchante-de-notre-dame-rinde-homenaje-a-bon-jovi\/#primaryimage\"},\"thumbnailUrl\":\"https:\/\/web.consaguirre.com.ar\/noticias\/wp-content\/uploads\/2024\/11\/La-Banda-Marchante-de-Notre-Dame-rinde-homenaje-a-Bon.jpg\",\"keywords\":[\"banda\",\"Bon\",\"Dame\",\"homenaje\",\"Jovi\",\"Marchante\",\"Notre\",\"rinde\"],\"articleSection\":[\"El \u00faltimo\"],\"inLanguage\":\"es-AR\"},{\"@type\":\"WebPage\",\"@id\":\"https:\/\/web.consaguirre.com.ar\/noticias\/la-banda-marchante-de-notre-dame-rinde-homenaje-a-bon-jovi\/\",\"url\":\"https:\/\/web.consaguirre.com.ar\/noticias\/la-banda-marchante-de-notre-dame-rinde-homenaje-a-bon-jovi\/\",\"name\":\"La Banda Marchante de Notre Dame rinde homenaje a Bon Jovi\",\"isPartOf\":{\"@id\":\"https:\/\/web.consaguirre.com.ar\/noticias\/#website\"},\"primaryImageOfPage\":{\"@id\":\"https:\/\/web.consaguirre.com.ar\/noticias\/la-banda-marchante-de-notre-dame-rinde-homenaje-a-bon-jovi\/#primaryimage\"},\"image\":{\"@id\":\"https:\/\/web.consaguirre.com.ar\/noticias\/la-banda-marchante-de-notre-dame-rinde-homenaje-a-bon-jovi\/#primaryimage\"},\"thumbnailUrl\":\"https:\/\/web.consaguirre.com.ar\/noticias\/wp-content\/uploads\/2024\/11\/La-Banda-Marchante-de-Notre-Dame-rinde-homenaje-a-Bon.jpg\",\"datePublished\":\"2024-11-11T20:44:37+00:00\",\"dateModified\":\"2024-11-11T20:44:38+00:00\",\"breadcrumb\":{\"@id\":\"https:\/\/web.consaguirre.com.ar\/noticias\/la-banda-marchante-de-notre-dame-rinde-homenaje-a-bon-jovi\/#breadcrumb\"},\"inLanguage\":\"es-AR\",\"potentialAction\":[{\"@type\":\"ReadAction\",\"target\":[\"https:\/\/web.consaguirre.com.ar\/noticias\/la-banda-marchante-de-notre-dame-rinde-homenaje-a-bon-jovi\/\"]}]},{\"@type\":\"ImageObject\",\"inLanguage\":\"es-AR\",\"@id\":\"https:\/\/web.consaguirre.com.ar\/noticias\/la-banda-marchante-de-notre-dame-rinde-homenaje-a-bon-jovi\/#primaryimage\",\"url\":\"https:\/\/web.consaguirre.com.ar\/noticias\/wp-content\/uploads\/2024\/11\/La-Banda-Marchante-de-Notre-Dame-rinde-homenaje-a-Bon.jpg\",\"contentUrl\":\"https:\/\/web.consaguirre.com.ar\/noticias\/wp-content\/uploads\/2024\/11\/La-Banda-Marchante-de-Notre-Dame-rinde-homenaje-a-Bon.jpg\",\"width\":1440,\"height\":864,\"caption\":\"La Banda Marchante de Notre Dame rinde homenaje a Bon Jovi\"},{\"@type\":\"BreadcrumbList\",\"@id\":\"https:\/\/web.consaguirre.com.ar\/noticias\/la-banda-marchante-de-notre-dame-rinde-homenaje-a-bon-jovi\/#breadcrumb\",\"itemListElement\":[{\"@type\":\"ListItem\",\"position\":1,\"name\":\"Inicio\",\"item\":\"https:\/\/web.consaguirre.com.ar\/noticias\/\"},{\"@type\":\"ListItem\",\"position\":2,\"name\":\"La Banda Marchante de Notre Dame rinde homenaje a Bon Jovi\"}]},{\"@type\":\"WebSite\",\"@id\":\"https:\/\/web.consaguirre.com.ar\/noticias\/#website\",\"url\":\"https:\/\/web.consaguirre.com.ar\/noticias\/\",\"name\":\"Conservatorio de M\u00fasica Juli\u00e1n Aguirre\",\"description\":\"\",\"publisher\":{\"@id\":\"https:\/\/web.consaguirre.com.ar\/noticias\/#organization\"},\"potentialAction\":[{\"@type\":\"SearchAction\",\"target\":{\"@type\":\"EntryPoint\",\"urlTemplate\":\"https:\/\/web.consaguirre.com.ar\/noticias\/?s={search_term_string}\"},\"query-input\":\"required name=search_term_string\"}],\"inLanguage\":\"es-AR\"},{\"@type\":\"Organization\",\"@id\":\"https:\/\/web.consaguirre.com.ar\/noticias\/#organization\",\"name\":\"Conservatorio de M\u00fasica Juli\u00e1n Aguirre\",\"url\":\"https:\/\/web.consaguirre.com.ar\/noticias\/\",\"logo\":{\"@type\":\"ImageObject\",\"inLanguage\":\"es-AR\",\"@id\":\"https:\/\/web.consaguirre.com.ar\/noticias\/#\/schema\/logo\/image\/\",\"url\":\"https:\/\/web.consaguirre.com.ar\/noticias\/wp-content\/uploads\/2024\/08\/Banner-Aguirre-23.jpg\",\"contentUrl\":\"https:\/\/web.consaguirre.com.ar\/noticias\/wp-content\/uploads\/2024\/08\/Banner-Aguirre-23.jpg\",\"width\":1192,\"height\":600,\"caption\":\"Conservatorio de M\u00fasica Juli\u00e1n Aguirre\"},\"image\":{\"@id\":\"https:\/\/web.consaguirre.com.ar\/noticias\/#\/schema\/logo\/image\/\"}},{\"@type\":\"Person\",\"@id\":\"https:\/\/web.consaguirre.com.ar\/noticias\/#\/schema\/person\/6558b0cfedee7ddc5425602b237d5722\",\"name\":\"Javier Figueroa\",\"image\":{\"@type\":\"ImageObject\",\"inLanguage\":\"es-AR\",\"@id\":\"https:\/\/web.consaguirre.com.ar\/noticias\/#\/schema\/person\/image\/\",\"url\":\"https:\/\/web.consaguirre.com.ar\/noticias\/wp-content\/uploads\/2024\/08\/Consaguirre-scaled.jpg\",\"contentUrl\":\"https:\/\/web.consaguirre.com.ar\/noticias\/wp-content\/uploads\/2024\/08\/Consaguirre-scaled.jpg\",\"caption\":\"Javier Figueroa\"},\"description\":\"Me llamo Javier Figueroa y soy redactor para el sitio oficial del Conservatorio de M\u00fasica Juli\u00e1n Aguirre en Buenos Aires, consaguirre.com. Apasionado por la m\u00fasica y la escritura, me esfuerzo por destacar los talentos y eventos de nuestra prestigiosa instituci\u00f3n. Mi trayectoria se nutre de una profunda admiraci\u00f3n por los artistas, haciendo de cada art\u00edculo una celebraci\u00f3n de la creatividad y la cultura musical.\",\"sameAs\":[\"https:\/\/web.consaguirre.com.ar\/noticias\"]}]}<\/script>\n<!-- \/ Yoast SEO plugin. -->","yoast_head_json":{"title":"La Banda Marchante de Notre Dame rinde homenaje a Bon Jovi","robots":{"index":"index","follow":"follow","max-snippet":"max-snippet:-1","max-image-preview":"max-image-preview:large","max-video-preview":"max-video-preview:-1"},"canonical":"https:\/\/web.consaguirre.com.ar\/noticias\/la-banda-marchante-de-notre-dame-rinde-homenaje-a-bon-jovi\/","og_locale":"es_ES","og_type":"article","og_title":"La Banda Marchante de Notre Dame rinde homenaje a Bon Jovi","og_description":"El s\u00e1bado 9 de noviembre, la banda de m\u00fasica de Notre Dame interpret\u00f3 un Bonjovi Homenaje en el entretiempo. El rockero titular de Nueva Jersey","og_url":"https:\/\/web.consaguirre.com.ar\/noticias\/la-banda-marchante-de-notre-dame-rinde-homenaje-a-bon-jovi\/","og_site_name":"Conservatorio de M\u00fasica Juli\u00e1n Aguirre","article_published_time":"2024-11-11T20:44:37+00:00","article_modified_time":"2024-11-11T20:44:38+00:00","og_image":[{"width":1440,"height":864,"url":"https:\/\/web.consaguirre.com.ar\/noticias\/wp-content\/uploads\/2024\/11\/La-Banda-Marchante-de-Notre-Dame-rinde-homenaje-a-Bon.jpg","type":"image\/jpeg"}],"author":"Javier Figueroa","twitter_card":"summary_large_image","twitter_misc":{"Escrito por":"Javier Figueroa","Tiempo de lectura":"2 minutos"},"schema":{"@context":"https:\/\/schema.org","@graph":[{"@type":"Article","@id":"https:\/\/web.consaguirre.com.ar\/noticias\/la-banda-marchante-de-notre-dame-rinde-homenaje-a-bon-jovi\/#article","isPartOf":{"@id":"https:\/\/web.consaguirre.com.ar\/noticias\/la-banda-marchante-de-notre-dame-rinde-homenaje-a-bon-jovi\/"},"author":{"name":"Javier Figueroa","@id":"https:\/\/web.consaguirre.com.ar\/noticias\/#\/schema\/person\/6558b0cfedee7ddc5425602b237d5722"},"headline":"La Banda Marchante de Notre Dame rinde homenaje a Bon Jovi","datePublished":"2024-11-11T20:44:37+00:00","dateModified":"2024-11-11T20:44:38+00:00","mainEntityOfPage":{"@id":"https:\/\/web.consaguirre.com.ar\/noticias\/la-banda-marchante-de-notre-dame-rinde-homenaje-a-bon-jovi\/"},"wordCount":428,"publisher":{"@id":"https:\/\/web.consaguirre.com.ar\/noticias\/#organization"},"image":{"@id":"https:\/\/web.consaguirre.com.ar\/noticias\/la-banda-marchante-de-notre-dame-rinde-homenaje-a-bon-jovi\/#primaryimage"},"thumbnailUrl":"https:\/\/web.consaguirre.com.ar\/noticias\/wp-content\/uploads\/2024\/11\/La-Banda-Marchante-de-Notre-Dame-rinde-homenaje-a-Bon.jpg","keywords":["banda","Bon","Dame","homenaje","Jovi","Marchante","Notre","rinde"],"articleSection":["El \u00faltimo"],"inLanguage":"es-AR"},{"@type":"WebPage","@id":"https:\/\/web.consaguirre.com.ar\/noticias\/la-banda-marchante-de-notre-dame-rinde-homenaje-a-bon-jovi\/","url":"https:\/\/web.consaguirre.com.ar\/noticias\/la-banda-marchante-de-notre-dame-rinde-homenaje-a-bon-jovi\/","name":"La Banda Marchante de Notre Dame rinde homenaje a Bon Jovi","isPartOf":{"@id":"https:\/\/web.consaguirre.com.ar\/noticias\/#website"},"primaryImageOfPage":{"@id":"https:\/\/web.consaguirre.com.ar\/noticias\/la-banda-marchante-de-notre-dame-rinde-homenaje-a-bon-jovi\/#primaryimage"},"image":{"@id":"https:\/\/web.consaguirre.com.ar\/noticias\/la-banda-marchante-de-notre-dame-rinde-homenaje-a-bon-jovi\/#primaryimage"},"thumbnailUrl":"https:\/\/web.consaguirre.com.ar\/noticias\/wp-content\/uploads\/2024\/11\/La-Banda-Marchante-de-Notre-Dame-rinde-homenaje-a-Bon.jpg","datePublished":"2024-11-11T20:44:37+00:00","dateModified":"2024-11-11T20:44:38+00:00","breadcrumb":{"@id":"https:\/\/web.consaguirre.com.ar\/noticias\/la-banda-marchante-de-notre-dame-rinde-homenaje-a-bon-jovi\/#breadcrumb"},"inLanguage":"es-AR","potentialAction":[{"@type":"ReadAction","target":["https:\/\/web.consaguirre.com.ar\/noticias\/la-banda-marchante-de-notre-dame-rinde-homenaje-a-bon-jovi\/"]}]},{"@type":"ImageObject","inLanguage":"es-AR","@id":"https:\/\/web.consaguirre.com.ar\/noticias\/la-banda-marchante-de-notre-dame-rinde-homenaje-a-bon-jovi\/#primaryimage","url":"https:\/\/web.consaguirre.com.ar\/noticias\/wp-content\/uploads\/2024\/11\/La-Banda-Marchante-de-Notre-Dame-rinde-homenaje-a-Bon.jpg","contentUrl":"https:\/\/web.consaguirre.com.ar\/noticias\/wp-content\/uploads\/2024\/11\/La-Banda-Marchante-de-Notre-Dame-rinde-homenaje-a-Bon.jpg","width":1440,"height":864,"caption":"La Banda Marchante de Notre Dame rinde homenaje a Bon Jovi"},{"@type":"BreadcrumbList","@id":"https:\/\/web.consaguirre.com.ar\/noticias\/la-banda-marchante-de-notre-dame-rinde-homenaje-a-bon-jovi\/#breadcrumb","itemListElement":[{"@type":"ListItem","position":1,"name":"Inicio","item":"https:\/\/web.consaguirre.com.ar\/noticias\/"},{"@type":"ListItem","position":2,"name":"La Banda Marchante de Notre Dame rinde homenaje a Bon Jovi"}]},{"@type":"WebSite","@id":"https:\/\/web.consaguirre.com.ar\/noticias\/#website","url":"https:\/\/web.consaguirre.com.ar\/noticias\/","name":"Conservatorio de M\u00fasica Juli\u00e1n Aguirre","description":"","publisher":{"@id":"https:\/\/web.consaguirre.com.ar\/noticias\/#organization"},"potentialAction":[{"@type":"SearchAction","target":{"@type":"EntryPoint","urlTemplate":"https:\/\/web.consaguirre.com.ar\/noticias\/?s={search_term_string}"},"query-input":"required name=search_term_string"}],"inLanguage":"es-AR"},{"@type":"Organization","@id":"https:\/\/web.consaguirre.com.ar\/noticias\/#organization","name":"Conservatorio de M\u00fasica Juli\u00e1n Aguirre","url":"https:\/\/web.consaguirre.com.ar\/noticias\/","logo":{"@type":"ImageObject","inLanguage":"es-AR","@id":"https:\/\/web.consaguirre.com.ar\/noticias\/#\/schema\/logo\/image\/","url":"https:\/\/web.consaguirre.com.ar\/noticias\/wp-content\/uploads\/2024\/08\/Banner-Aguirre-23.jpg","contentUrl":"https:\/\/web.consaguirre.com.ar\/noticias\/wp-content\/uploads\/2024\/08\/Banner-Aguirre-23.jpg","width":1192,"height":600,"caption":"Conservatorio de M\u00fasica Juli\u00e1n Aguirre"},"image":{"@id":"https:\/\/web.consaguirre.com.ar\/noticias\/#\/schema\/logo\/image\/"}},{"@type":"Person","@id":"https:\/\/web.consaguirre.com.ar\/noticias\/#\/schema\/person\/6558b0cfedee7ddc5425602b237d5722","name":"Javier Figueroa","image":{"@type":"ImageObject","inLanguage":"es-AR","@id":"https:\/\/web.consaguirre.com.ar\/noticias\/#\/schema\/person\/image\/","url":"https:\/\/web.consaguirre.com.ar\/noticias\/wp-content\/uploads\/2024\/08\/Consaguirre-scaled.jpg","contentUrl":"https:\/\/web.consaguirre.com.ar\/noticias\/wp-content\/uploads\/2024\/08\/Consaguirre-scaled.jpg","caption":"Javier Figueroa"},"description":"Me llamo Javier Figueroa y soy redactor para el sitio oficial del Conservatorio de M\u00fasica Juli\u00e1n Aguirre en Buenos Aires, consaguirre.com. Apasionado por la m\u00fasica y la escritura, me esfuerzo por destacar los talentos y eventos de nuestra prestigiosa instituci\u00f3n. Mi trayectoria se nutre de una profunda admiraci\u00f3n por los artistas, haciendo de cada art\u00edculo una celebraci\u00f3n de la creatividad y la cultura musical.","sameAs":["https:\/\/web.consaguirre.com.ar\/noticias"]}]}},"_links":{"self":[{"href":"https:\/\/web.consaguirre.com.ar\/noticias\/wp-json\/wp\/v2\/posts\/1073"}],"collection":[{"href":"https:\/\/web.consaguirre.com.ar\/noticias\/wp-json\/wp\/v2\/posts"}],"about":[{"href":"https:\/\/web.consaguirre.com.ar\/noticias\/wp-json\/wp\/v2\/types\/post"}],"author":[{"embeddable":true,"href":"https:\/\/web.consaguirre.com.ar\/noticias\/wp-json\/wp\/v2\/users\/1"}],"replies":[{"embeddable":true,"href":"https:\/\/web.consaguirre.com.ar\/noticias\/wp-json\/wp\/v2\/comments?post=1073"}],"version-history":[{"count":1,"href":"https:\/\/web.consaguirre.com.ar\/noticias\/wp-json\/wp\/v2\/posts\/1073\/revisions"}],"predecessor-version":[{"id":1075,"href":"https:\/\/web.consaguirre.com.ar\/noticias\/wp-json\/wp\/v2\/posts\/1073\/revisions\/1075"}],"wp:featuredmedia":[{"embeddable":true,"href":"https:\/\/web.consaguirre.com.ar\/noticias\/wp-json\/wp\/v2\/media\/1074"}],"wp:attachment":[{"href":"https:\/\/web.consaguirre.com.ar\/noticias\/wp-json\/wp\/v2\/media?parent=1073"}],"wp:term":[{"taxonomy":"category","embeddable":true,"href":"https:\/\/web.consaguirre.com.ar\/noticias\/wp-json\/wp\/v2\/categories?post=1073"},{"taxonomy":"post_tag","embeddable":true,"href":"https:\/\/web.consaguirre.com.ar\/noticias\/wp-json\/wp\/v2\/tags?post=1073"}],"curies":[{"name":"wp","href":"https:\/\/api.w.org\/{rel}","templated":true}]}}