{"id":1067,"date":"2024-11-09T05:50:29","date_gmt":"2024-11-09T08:50:29","guid":{"rendered":"https:\/\/web.consaguirre.com.ar\/noticias\/beyonce-post-malone-billie-eilish-y-kendrick-lamar-lideran-las-nominaciones-al-grammy-2025\/"},"modified":"2024-11-09T05:50:30","modified_gmt":"2024-11-09T08:50:30","slug":"beyonce-post-malone-billie-eilish-y-kendrick-lamar-lideran-las-nominaciones-al-grammy-2025","status":"publish","type":"post","link":"https:\/\/web.consaguirre.com.ar\/noticias\/beyonce-post-malone-billie-eilish-y-kendrick-lamar-lideran-las-nominaciones-al-grammy-2025\/","title":{"rendered":"Beyonc\u00e9, Post Malone, Billie Eilish y Kendrick Lamar lideran las nominaciones al Grammy 2025"},"content":{"rendered":"<p>La Academia de la Grabaci\u00f3n anunci\u00f3 esta ma\u00f1ana las nominaciones a los Grammy 2025, con <strong>Beyonc\u00e9<\/strong>, <strong>Mensaje Malone<\/strong>, <strong>Billie Eilish<\/strong>y <strong>Kendrick Lamar<\/strong> liderando el grupo de potenciales ganadores.<\/p>\n<p>Las 11 nominaciones de Beyonc\u00e9 por <em>CARTER DE VAQUERO<\/em> la convirti\u00f3 en la artista con m\u00e1s nominaciones en el evento de este a\u00f1o, lo que eleva el total de su carrera a 99. Billie Eilish, Kendrick Lamar y Post Malone obtuvieron siete cada uno, con el himno de Lamar \u201cNot Like Us\u201d como Canci\u00f3n del A\u00f1o y Eilish en el compitiendo por los tres premios m\u00e1s importantes de la noche: \u00c1lbum del A\u00f1o (<em>Golp\u00e9ame fuerte y suave<\/em>), Disco del A\u00f1o y Canci\u00f3n del A\u00f1o (\u201cBirds of a Feather\u201d). Gan\u00f3 Canci\u00f3n del a\u00f1o en 2024 por <em>Barbie: el \u00e1lbum<\/em>&#8216;\u00bfPara qu\u00e9 fui hecho?&#8217; <strong>Taylor Swift<\/strong> tambi\u00e9n est\u00e1 nominada para las tres categor\u00edas principales, luego de ganar el \u00c1lbum del A\u00f1o 2024 por <em>medianoche<\/em> con seis nominaciones para <em>El Departamento de Poetas Torturados<\/em> y \u201cQuincena\u201d.<\/p>\n<p>Nominado por primera vez, <strong>Chappell Roan<\/strong>&#8220;Good Luck, Babe!&#8221;, producida por Dan Nigro. est\u00e1 nominada a Canci\u00f3n y Grabaci\u00f3n del A\u00f1o; tambi\u00e9n est\u00e1 compitiendo por Mejor Artista Nuevo. <strong>Ariana Grande<\/strong>&#8216;s <em>sol eterno<\/em> la tiene nominada a Mejor \u00c1lbum Vocal Pop y Mejor Interpretaci\u00f3n de D\u00fao\/Grupo Pop, donde est\u00e1 nominada por \u201cThe boy is mine\u201d con Brandy y Monica. Haciendo uso de sus propios m\u00fasculos cl\u00e1sicos del R&#038;B, Muni Long est\u00e1 nominada a Mejor Interpretaci\u00f3n de R&#038;B Tradicional por \u201cMake Me Forget\u201d.<\/p>\n<p>En la categor\u00eda Mejor paquete en caja o Paquete de edici\u00f3n especial limitada, los lanzamientos importantes de <strong>John Lennon<\/strong> (<em>Juegos mentales<\/em>) y <strong>Nirvana<\/strong> (<em>En el \u00fatero<\/em>) est\u00e1n nominados a premios. A modo de <strong>Los Beatles<\/strong>&#8216; nominada por \u201cNow and Then\u201d, Lennon tambi\u00e9n est\u00e1 nominado a Grabaci\u00f3n del A\u00f1o. En la categor\u00eda de Mejor \u00c1lbum de Rock, otros \u00edconos brit\u00e1nicos <strong>Los Rolling Stones<\/strong> est\u00e1n nominados para <em>Diamantes de Hackney<\/em>.<\/p>\n<p>Jacob Collier&#8217;s <em>Djesse vol. 4<\/em> est\u00e1 nominado a \u00c1lbum del A\u00f1o; tambi\u00e9n est\u00e1 nominado en la categor\u00eda de Mejor Interpretaci\u00f3n Musical Global junto a Arooj Aftab, quien obtuvo un reconocimiento por su canci\u00f3n \u201cRaaj Ki Rani\u201d. su album <em>Reinado nocturno<\/em> tambi\u00e9n est\u00e1 nominado a Mejor \u00c1lbum de Jazz Alternativo junto a artistas como Meshell Ndegleocello y Robert Glasper. \u201cIt Never Went Away\u201d de Jon Batiste, que apareci\u00f3 en su documental de Netflix <em>sinfon\u00eda americana<\/em>tiene la oportunidad de llevarse a casa Mejor Canci\u00f3n Escrita para Medio Visual. <em>sinfon\u00eda americana<\/em> tambi\u00e9n est\u00e1 nominada a Mejor Pel\u00edcula Musical, junto a pel\u00edculas como Steven Van Zandt. <em>Stevie Van Zandt: Disc\u00edpulo<\/em>. John Legend, ganador de 12 premios Grammy, est\u00e1 nominado este a\u00f1o en la categor\u00eda de Mejor \u00e1lbum infantil por <em>mi sue\u00f1o favorito<\/em>y la legendaria int\u00e9rprete de jazz Alice Coltrane est\u00e1 nominada a Mejores Notas de \u00c1lbum.<\/p>\n<p>Los Grammy se llevar\u00e1n a cabo en el estadio Crypto.com de Los \u00c1ngeles el domingo 2 de febrero de 2025.<\/p>\n","protected":false},"excerpt":{"rendered":"<p>La Academia de la Grabaci\u00f3n anunci\u00f3 esta ma\u00f1ana las nominaciones a los Grammy 2025, con Beyonc\u00e9, Mensaje Malone, Billie Eilishy Kendrick Lamar liderando el grupo<\/p>\n","protected":false},"author":1,"featured_media":1068,"comment_status":"closed","ping_status":"","sticky":false,"template":"","format":"standard","meta":{"footnotes":""},"categories":[50],"tags":[1200,137,150,1202,610,611,18,1201,271,481,270],"class_list":["post-1067","post","type-post","status-publish","format-standard","has-post-thumbnail","hentry","category-el-ultimo","tag-beyonce","tag-billie","tag-eilish","tag-grammy","tag-kendrick","tag-lamar","tag-las","tag-lideran","tag-malone","tag-nominaciones","tag-post","generate-columns","tablet-grid-50","mobile-grid-100","grid-parent","grid-50"],"yoast_head":"<!-- This site is optimized with the Yoast SEO plugin v23.3 - https:\/\/yoast.com\/wordpress\/plugins\/seo\/ -->\n<title>Beyonc\u00e9, Post Malone, Billie Eilish y Kendrick Lamar lideran las nominaciones al Grammy 2025<\/title>\n<meta name=\"robots\" content=\"index, follow, max-snippet:-1, max-image-preview:large, max-video-preview:-1\" \/>\n<link rel=\"canonical\" href=\"https:\/\/web.consaguirre.com.ar\/noticias\/beyonce-post-malone-billie-eilish-y-kendrick-lamar-lideran-las-nominaciones-al-grammy-2025\/\" \/>\n<meta property=\"og:locale\" content=\"es_ES\" \/>\n<meta property=\"og:type\" content=\"article\" \/>\n<meta property=\"og:title\" content=\"Beyonc\u00e9, Post Malone, Billie Eilish y Kendrick Lamar lideran las nominaciones al Grammy 2025\" \/>\n<meta property=\"og:description\" content=\"La Academia de la Grabaci\u00f3n anunci\u00f3 esta ma\u00f1ana las nominaciones a los Grammy 2025, con Beyonc\u00e9, Mensaje Malone, Billie Eilishy Kendrick Lamar liderando el grupo\" \/>\n<meta property=\"og:url\" content=\"https:\/\/web.consaguirre.com.ar\/noticias\/beyonce-post-malone-billie-eilish-y-kendrick-lamar-lideran-las-nominaciones-al-grammy-2025\/\" \/>\n<meta property=\"og:site_name\" content=\"Conservatorio de M\u00fasica Juli\u00e1n Aguirre\" \/>\n<meta property=\"article:published_time\" content=\"2024-11-09T08:50:29+00:00\" \/>\n<meta property=\"article:modified_time\" content=\"2024-11-09T08:50:30+00:00\" \/>\n<meta property=\"og:image\" content=\"https:\/\/web.consaguirre.com.ar\/noticias\/wp-content\/uploads\/2024\/11\/Beyonce-Post-Malone-Billie-Eilish-y-Kendrick-Lamar-lideran-las.jpg\" \/>\n\t<meta property=\"og:image:width\" content=\"1440\" \/>\n\t<meta property=\"og:image:height\" content=\"864\" \/>\n\t<meta property=\"og:image:type\" content=\"image\/jpeg\" \/>\n<meta name=\"author\" content=\"Javier Figueroa\" \/>\n<meta name=\"twitter:card\" content=\"summary_large_image\" \/>\n<meta name=\"twitter:label1\" content=\"Escrito por\" \/>\n\t<meta name=\"twitter:data1\" content=\"Javier Figueroa\" \/>\n\t<meta name=\"twitter:label2\" content=\"Tiempo de lectura\" \/>\n\t<meta name=\"twitter:data2\" content=\"3 minutos\" \/>\n<script type=\"application\/ld+json\" class=\"yoast-schema-graph\">{\"@context\":\"https:\/\/schema.org\",\"@graph\":[{\"@type\":\"Article\",\"@id\":\"https:\/\/web.consaguirre.com.ar\/noticias\/beyonce-post-malone-billie-eilish-y-kendrick-lamar-lideran-las-nominaciones-al-grammy-2025\/#article\",\"isPartOf\":{\"@id\":\"https:\/\/web.consaguirre.com.ar\/noticias\/beyonce-post-malone-billie-eilish-y-kendrick-lamar-lideran-las-nominaciones-al-grammy-2025\/\"},\"author\":{\"name\":\"Javier Figueroa\",\"@id\":\"https:\/\/web.consaguirre.com.ar\/noticias\/#\/schema\/person\/6558b0cfedee7ddc5425602b237d5722\"},\"headline\":\"Beyonc\u00e9, Post Malone, Billie Eilish y Kendrick Lamar lideran las nominaciones al Grammy 2025\",\"datePublished\":\"2024-11-09T08:50:29+00:00\",\"dateModified\":\"2024-11-09T08:50:30+00:00\",\"mainEntityOfPage\":{\"@id\":\"https:\/\/web.consaguirre.com.ar\/noticias\/beyonce-post-malone-billie-eilish-y-kendrick-lamar-lideran-las-nominaciones-al-grammy-2025\/\"},\"wordCount\":535,\"publisher\":{\"@id\":\"https:\/\/web.consaguirre.com.ar\/noticias\/#organization\"},\"image\":{\"@id\":\"https:\/\/web.consaguirre.com.ar\/noticias\/beyonce-post-malone-billie-eilish-y-kendrick-lamar-lideran-las-nominaciones-al-grammy-2025\/#primaryimage\"},\"thumbnailUrl\":\"https:\/\/web.consaguirre.com.ar\/noticias\/wp-content\/uploads\/2024\/11\/Beyonce-Post-Malone-Billie-Eilish-y-Kendrick-Lamar-lideran-las.jpg\",\"keywords\":[\"Beyonc\u00e9\",\"Billie\",\"Eilish\",\"Grammy\",\"Kendrick\",\"Lamar\",\"las\",\"lideran\",\"Malone\",\"nominaciones\",\"Post\"],\"articleSection\":[\"El \u00faltimo\"],\"inLanguage\":\"es-AR\"},{\"@type\":\"WebPage\",\"@id\":\"https:\/\/web.consaguirre.com.ar\/noticias\/beyonce-post-malone-billie-eilish-y-kendrick-lamar-lideran-las-nominaciones-al-grammy-2025\/\",\"url\":\"https:\/\/web.consaguirre.com.ar\/noticias\/beyonce-post-malone-billie-eilish-y-kendrick-lamar-lideran-las-nominaciones-al-grammy-2025\/\",\"name\":\"Beyonc\u00e9, Post Malone, Billie Eilish y Kendrick Lamar lideran las nominaciones al Grammy 2025\",\"isPartOf\":{\"@id\":\"https:\/\/web.consaguirre.com.ar\/noticias\/#website\"},\"primaryImageOfPage\":{\"@id\":\"https:\/\/web.consaguirre.com.ar\/noticias\/beyonce-post-malone-billie-eilish-y-kendrick-lamar-lideran-las-nominaciones-al-grammy-2025\/#primaryimage\"},\"image\":{\"@id\":\"https:\/\/web.consaguirre.com.ar\/noticias\/beyonce-post-malone-billie-eilish-y-kendrick-lamar-lideran-las-nominaciones-al-grammy-2025\/#primaryimage\"},\"thumbnailUrl\":\"https:\/\/web.consaguirre.com.ar\/noticias\/wp-content\/uploads\/2024\/11\/Beyonce-Post-Malone-Billie-Eilish-y-Kendrick-Lamar-lideran-las.jpg\",\"datePublished\":\"2024-11-09T08:50:29+00:00\",\"dateModified\":\"2024-11-09T08:50:30+00:00\",\"breadcrumb\":{\"@id\":\"https:\/\/web.consaguirre.com.ar\/noticias\/beyonce-post-malone-billie-eilish-y-kendrick-lamar-lideran-las-nominaciones-al-grammy-2025\/#breadcrumb\"},\"inLanguage\":\"es-AR\",\"potentialAction\":[{\"@type\":\"ReadAction\",\"target\":[\"https:\/\/web.consaguirre.com.ar\/noticias\/beyonce-post-malone-billie-eilish-y-kendrick-lamar-lideran-las-nominaciones-al-grammy-2025\/\"]}]},{\"@type\":\"ImageObject\",\"inLanguage\":\"es-AR\",\"@id\":\"https:\/\/web.consaguirre.com.ar\/noticias\/beyonce-post-malone-billie-eilish-y-kendrick-lamar-lideran-las-nominaciones-al-grammy-2025\/#primaryimage\",\"url\":\"https:\/\/web.consaguirre.com.ar\/noticias\/wp-content\/uploads\/2024\/11\/Beyonce-Post-Malone-Billie-Eilish-y-Kendrick-Lamar-lideran-las.jpg\",\"contentUrl\":\"https:\/\/web.consaguirre.com.ar\/noticias\/wp-content\/uploads\/2024\/11\/Beyonce-Post-Malone-Billie-Eilish-y-Kendrick-Lamar-lideran-las.jpg\",\"width\":1440,\"height\":864,\"caption\":\"Beyonc\u00e9, Post Malone, Billie Eilish y Kendrick Lamar lideran las nominaciones al Grammy 2025\"},{\"@type\":\"BreadcrumbList\",\"@id\":\"https:\/\/web.consaguirre.com.ar\/noticias\/beyonce-post-malone-billie-eilish-y-kendrick-lamar-lideran-las-nominaciones-al-grammy-2025\/#breadcrumb\",\"itemListElement\":[{\"@type\":\"ListItem\",\"position\":1,\"name\":\"Inicio\",\"item\":\"https:\/\/web.consaguirre.com.ar\/noticias\/\"},{\"@type\":\"ListItem\",\"position\":2,\"name\":\"Beyonc\u00e9, Post Malone, Billie Eilish y Kendrick Lamar lideran las nominaciones al Grammy 2025\"}]},{\"@type\":\"WebSite\",\"@id\":\"https:\/\/web.consaguirre.com.ar\/noticias\/#website\",\"url\":\"https:\/\/web.consaguirre.com.ar\/noticias\/\",\"name\":\"Conservatorio de M\u00fasica Juli\u00e1n Aguirre\",\"description\":\"\",\"publisher\":{\"@id\":\"https:\/\/web.consaguirre.com.ar\/noticias\/#organization\"},\"potentialAction\":[{\"@type\":\"SearchAction\",\"target\":{\"@type\":\"EntryPoint\",\"urlTemplate\":\"https:\/\/web.consaguirre.com.ar\/noticias\/?s={search_term_string}\"},\"query-input\":\"required name=search_term_string\"}],\"inLanguage\":\"es-AR\"},{\"@type\":\"Organization\",\"@id\":\"https:\/\/web.consaguirre.com.ar\/noticias\/#organization\",\"name\":\"Conservatorio de M\u00fasica Juli\u00e1n Aguirre\",\"url\":\"https:\/\/web.consaguirre.com.ar\/noticias\/\",\"logo\":{\"@type\":\"ImageObject\",\"inLanguage\":\"es-AR\",\"@id\":\"https:\/\/web.consaguirre.com.ar\/noticias\/#\/schema\/logo\/image\/\",\"url\":\"https:\/\/web.consaguirre.com.ar\/noticias\/wp-content\/uploads\/2024\/08\/Banner-Aguirre-23.jpg\",\"contentUrl\":\"https:\/\/web.consaguirre.com.ar\/noticias\/wp-content\/uploads\/2024\/08\/Banner-Aguirre-23.jpg\",\"width\":1192,\"height\":600,\"caption\":\"Conservatorio de M\u00fasica Juli\u00e1n Aguirre\"},\"image\":{\"@id\":\"https:\/\/web.consaguirre.com.ar\/noticias\/#\/schema\/logo\/image\/\"}},{\"@type\":\"Person\",\"@id\":\"https:\/\/web.consaguirre.com.ar\/noticias\/#\/schema\/person\/6558b0cfedee7ddc5425602b237d5722\",\"name\":\"Javier Figueroa\",\"image\":{\"@type\":\"ImageObject\",\"inLanguage\":\"es-AR\",\"@id\":\"https:\/\/web.consaguirre.com.ar\/noticias\/#\/schema\/person\/image\/\",\"url\":\"https:\/\/web.consaguirre.com.ar\/noticias\/wp-content\/uploads\/2024\/08\/Consaguirre-scaled.jpg\",\"contentUrl\":\"https:\/\/web.consaguirre.com.ar\/noticias\/wp-content\/uploads\/2024\/08\/Consaguirre-scaled.jpg\",\"caption\":\"Javier Figueroa\"},\"description\":\"Me llamo Javier Figueroa y soy redactor para el sitio oficial del Conservatorio de M\u00fasica Juli\u00e1n Aguirre en Buenos Aires, consaguirre.com. Apasionado por la m\u00fasica y la escritura, me esfuerzo por destacar los talentos y eventos de nuestra prestigiosa instituci\u00f3n. Mi trayectoria se nutre de una profunda admiraci\u00f3n por los artistas, haciendo de cada art\u00edculo una celebraci\u00f3n de la creatividad y la cultura musical.\",\"sameAs\":[\"https:\/\/web.consaguirre.com.ar\/noticias\"]}]}<\/script>\n<!-- \/ Yoast SEO plugin. -->","yoast_head_json":{"title":"Beyonc\u00e9, Post Malone, Billie Eilish y Kendrick Lamar lideran las nominaciones al Grammy 2025","robots":{"index":"index","follow":"follow","max-snippet":"max-snippet:-1","max-image-preview":"max-image-preview:large","max-video-preview":"max-video-preview:-1"},"canonical":"https:\/\/web.consaguirre.com.ar\/noticias\/beyonce-post-malone-billie-eilish-y-kendrick-lamar-lideran-las-nominaciones-al-grammy-2025\/","og_locale":"es_ES","og_type":"article","og_title":"Beyonc\u00e9, Post Malone, Billie Eilish y Kendrick Lamar lideran las nominaciones al Grammy 2025","og_description":"La Academia de la Grabaci\u00f3n anunci\u00f3 esta ma\u00f1ana las nominaciones a los Grammy 2025, con Beyonc\u00e9, Mensaje Malone, Billie Eilishy Kendrick Lamar liderando el grupo","og_url":"https:\/\/web.consaguirre.com.ar\/noticias\/beyonce-post-malone-billie-eilish-y-kendrick-lamar-lideran-las-nominaciones-al-grammy-2025\/","og_site_name":"Conservatorio de M\u00fasica Juli\u00e1n Aguirre","article_published_time":"2024-11-09T08:50:29+00:00","article_modified_time":"2024-11-09T08:50:30+00:00","og_image":[{"width":1440,"height":864,"url":"https:\/\/web.consaguirre.com.ar\/noticias\/wp-content\/uploads\/2024\/11\/Beyonce-Post-Malone-Billie-Eilish-y-Kendrick-Lamar-lideran-las.jpg","type":"image\/jpeg"}],"author":"Javier Figueroa","twitter_card":"summary_large_image","twitter_misc":{"Escrito por":"Javier Figueroa","Tiempo de lectura":"3 minutos"},"schema":{"@context":"https:\/\/schema.org","@graph":[{"@type":"Article","@id":"https:\/\/web.consaguirre.com.ar\/noticias\/beyonce-post-malone-billie-eilish-y-kendrick-lamar-lideran-las-nominaciones-al-grammy-2025\/#article","isPartOf":{"@id":"https:\/\/web.consaguirre.com.ar\/noticias\/beyonce-post-malone-billie-eilish-y-kendrick-lamar-lideran-las-nominaciones-al-grammy-2025\/"},"author":{"name":"Javier Figueroa","@id":"https:\/\/web.consaguirre.com.ar\/noticias\/#\/schema\/person\/6558b0cfedee7ddc5425602b237d5722"},"headline":"Beyonc\u00e9, Post Malone, Billie Eilish y Kendrick Lamar lideran las nominaciones al Grammy 2025","datePublished":"2024-11-09T08:50:29+00:00","dateModified":"2024-11-09T08:50:30+00:00","mainEntityOfPage":{"@id":"https:\/\/web.consaguirre.com.ar\/noticias\/beyonce-post-malone-billie-eilish-y-kendrick-lamar-lideran-las-nominaciones-al-grammy-2025\/"},"wordCount":535,"publisher":{"@id":"https:\/\/web.consaguirre.com.ar\/noticias\/#organization"},"image":{"@id":"https:\/\/web.consaguirre.com.ar\/noticias\/beyonce-post-malone-billie-eilish-y-kendrick-lamar-lideran-las-nominaciones-al-grammy-2025\/#primaryimage"},"thumbnailUrl":"https:\/\/web.consaguirre.com.ar\/noticias\/wp-content\/uploads\/2024\/11\/Beyonce-Post-Malone-Billie-Eilish-y-Kendrick-Lamar-lideran-las.jpg","keywords":["Beyonc\u00e9","Billie","Eilish","Grammy","Kendrick","Lamar","las","lideran","Malone","nominaciones","Post"],"articleSection":["El \u00faltimo"],"inLanguage":"es-AR"},{"@type":"WebPage","@id":"https:\/\/web.consaguirre.com.ar\/noticias\/beyonce-post-malone-billie-eilish-y-kendrick-lamar-lideran-las-nominaciones-al-grammy-2025\/","url":"https:\/\/web.consaguirre.com.ar\/noticias\/beyonce-post-malone-billie-eilish-y-kendrick-lamar-lideran-las-nominaciones-al-grammy-2025\/","name":"Beyonc\u00e9, Post Malone, Billie Eilish y Kendrick Lamar lideran las nominaciones al Grammy 2025","isPartOf":{"@id":"https:\/\/web.consaguirre.com.ar\/noticias\/#website"},"primaryImageOfPage":{"@id":"https:\/\/web.consaguirre.com.ar\/noticias\/beyonce-post-malone-billie-eilish-y-kendrick-lamar-lideran-las-nominaciones-al-grammy-2025\/#primaryimage"},"image":{"@id":"https:\/\/web.consaguirre.com.ar\/noticias\/beyonce-post-malone-billie-eilish-y-kendrick-lamar-lideran-las-nominaciones-al-grammy-2025\/#primaryimage"},"thumbnailUrl":"https:\/\/web.consaguirre.com.ar\/noticias\/wp-content\/uploads\/2024\/11\/Beyonce-Post-Malone-Billie-Eilish-y-Kendrick-Lamar-lideran-las.jpg","datePublished":"2024-11-09T08:50:29+00:00","dateModified":"2024-11-09T08:50:30+00:00","breadcrumb":{"@id":"https:\/\/web.consaguirre.com.ar\/noticias\/beyonce-post-malone-billie-eilish-y-kendrick-lamar-lideran-las-nominaciones-al-grammy-2025\/#breadcrumb"},"inLanguage":"es-AR","potentialAction":[{"@type":"ReadAction","target":["https:\/\/web.consaguirre.com.ar\/noticias\/beyonce-post-malone-billie-eilish-y-kendrick-lamar-lideran-las-nominaciones-al-grammy-2025\/"]}]},{"@type":"ImageObject","inLanguage":"es-AR","@id":"https:\/\/web.consaguirre.com.ar\/noticias\/beyonce-post-malone-billie-eilish-y-kendrick-lamar-lideran-las-nominaciones-al-grammy-2025\/#primaryimage","url":"https:\/\/web.consaguirre.com.ar\/noticias\/wp-content\/uploads\/2024\/11\/Beyonce-Post-Malone-Billie-Eilish-y-Kendrick-Lamar-lideran-las.jpg","contentUrl":"https:\/\/web.consaguirre.com.ar\/noticias\/wp-content\/uploads\/2024\/11\/Beyonce-Post-Malone-Billie-Eilish-y-Kendrick-Lamar-lideran-las.jpg","width":1440,"height":864,"caption":"Beyonc\u00e9, Post Malone, Billie Eilish y Kendrick Lamar lideran las nominaciones al Grammy 2025"},{"@type":"BreadcrumbList","@id":"https:\/\/web.consaguirre.com.ar\/noticias\/beyonce-post-malone-billie-eilish-y-kendrick-lamar-lideran-las-nominaciones-al-grammy-2025\/#breadcrumb","itemListElement":[{"@type":"ListItem","position":1,"name":"Inicio","item":"https:\/\/web.consaguirre.com.ar\/noticias\/"},{"@type":"ListItem","position":2,"name":"Beyonc\u00e9, Post Malone, Billie Eilish y Kendrick Lamar lideran las nominaciones al Grammy 2025"}]},{"@type":"WebSite","@id":"https:\/\/web.consaguirre.com.ar\/noticias\/#website","url":"https:\/\/web.consaguirre.com.ar\/noticias\/","name":"Conservatorio de M\u00fasica Juli\u00e1n Aguirre","description":"","publisher":{"@id":"https:\/\/web.consaguirre.com.ar\/noticias\/#organization"},"potentialAction":[{"@type":"SearchAction","target":{"@type":"EntryPoint","urlTemplate":"https:\/\/web.consaguirre.com.ar\/noticias\/?s={search_term_string}"},"query-input":"required name=search_term_string"}],"inLanguage":"es-AR"},{"@type":"Organization","@id":"https:\/\/web.consaguirre.com.ar\/noticias\/#organization","name":"Conservatorio de M\u00fasica Juli\u00e1n Aguirre","url":"https:\/\/web.consaguirre.com.ar\/noticias\/","logo":{"@type":"ImageObject","inLanguage":"es-AR","@id":"https:\/\/web.consaguirre.com.ar\/noticias\/#\/schema\/logo\/image\/","url":"https:\/\/web.consaguirre.com.ar\/noticias\/wp-content\/uploads\/2024\/08\/Banner-Aguirre-23.jpg","contentUrl":"https:\/\/web.consaguirre.com.ar\/noticias\/wp-content\/uploads\/2024\/08\/Banner-Aguirre-23.jpg","width":1192,"height":600,"caption":"Conservatorio de M\u00fasica Juli\u00e1n Aguirre"},"image":{"@id":"https:\/\/web.consaguirre.com.ar\/noticias\/#\/schema\/logo\/image\/"}},{"@type":"Person","@id":"https:\/\/web.consaguirre.com.ar\/noticias\/#\/schema\/person\/6558b0cfedee7ddc5425602b237d5722","name":"Javier Figueroa","image":{"@type":"ImageObject","inLanguage":"es-AR","@id":"https:\/\/web.consaguirre.com.ar\/noticias\/#\/schema\/person\/image\/","url":"https:\/\/web.consaguirre.com.ar\/noticias\/wp-content\/uploads\/2024\/08\/Consaguirre-scaled.jpg","contentUrl":"https:\/\/web.consaguirre.com.ar\/noticias\/wp-content\/uploads\/2024\/08\/Consaguirre-scaled.jpg","caption":"Javier Figueroa"},"description":"Me llamo Javier Figueroa y soy redactor para el sitio oficial del Conservatorio de M\u00fasica Juli\u00e1n Aguirre en Buenos Aires, consaguirre.com. Apasionado por la m\u00fasica y la escritura, me esfuerzo por destacar los talentos y eventos de nuestra prestigiosa instituci\u00f3n. Mi trayectoria se nutre de una profunda admiraci\u00f3n por los artistas, haciendo de cada art\u00edculo una celebraci\u00f3n de la creatividad y la cultura musical.","sameAs":["https:\/\/web.consaguirre.com.ar\/noticias"]}]}},"_links":{"self":[{"href":"https:\/\/web.consaguirre.com.ar\/noticias\/wp-json\/wp\/v2\/posts\/1067"}],"collection":[{"href":"https:\/\/web.consaguirre.com.ar\/noticias\/wp-json\/wp\/v2\/posts"}],"about":[{"href":"https:\/\/web.consaguirre.com.ar\/noticias\/wp-json\/wp\/v2\/types\/post"}],"author":[{"embeddable":true,"href":"https:\/\/web.consaguirre.com.ar\/noticias\/wp-json\/wp\/v2\/users\/1"}],"replies":[{"embeddable":true,"href":"https:\/\/web.consaguirre.com.ar\/noticias\/wp-json\/wp\/v2\/comments?post=1067"}],"version-history":[{"count":1,"href":"https:\/\/web.consaguirre.com.ar\/noticias\/wp-json\/wp\/v2\/posts\/1067\/revisions"}],"predecessor-version":[{"id":1069,"href":"https:\/\/web.consaguirre.com.ar\/noticias\/wp-json\/wp\/v2\/posts\/1067\/revisions\/1069"}],"wp:featuredmedia":[{"embeddable":true,"href":"https:\/\/web.consaguirre.com.ar\/noticias\/wp-json\/wp\/v2\/media\/1068"}],"wp:attachment":[{"href":"https:\/\/web.consaguirre.com.ar\/noticias\/wp-json\/wp\/v2\/media?parent=1067"}],"wp:term":[{"taxonomy":"category","embeddable":true,"href":"https:\/\/web.consaguirre.com.ar\/noticias\/wp-json\/wp\/v2\/categories?post=1067"},{"taxonomy":"post_tag","embeddable":true,"href":"https:\/\/web.consaguirre.com.ar\/noticias\/wp-json\/wp\/v2\/tags?post=1067"}],"curies":[{"name":"wp","href":"https:\/\/api.w.org\/{rel}","templated":true}]}}