{"id":1064,"date":"2024-11-09T02:38:12","date_gmt":"2024-11-09T05:38:12","guid":{"rendered":"https:\/\/web.consaguirre.com.ar\/noticias\/escuche-beyond-una-nueva-cancion-de-la-banda-sonora-de-moana-2\/"},"modified":"2024-11-09T02:38:14","modified_gmt":"2024-11-09T05:38:14","slug":"escuche-beyond-una-nueva-cancion-de-la-banda-sonora-de-moana-2","status":"publish","type":"post","link":"https:\/\/web.consaguirre.com.ar\/noticias\/escuche-beyond-una-nueva-cancion-de-la-banda-sonora-de-moana-2\/","title":{"rendered":"Escuche &#8216;Beyond&#8217;, una nueva canci\u00f3n de la banda sonora de &#8216;Moana 2&#8217;"},"content":{"rendered":"<p>Una nueva canci\u00f3n original de <em>moana 2<\/em>\u201cM\u00e1s all\u00e1\u201d, ya est\u00e1 disponible.<\/p>\n<p>La pel\u00edcula, que se estrenar\u00e1 en cines el 22 de noviembre, est\u00e1 protagonizada por Auli&#8217;i Cravalho como el joven y luchador marinero titular y sigue a la primera pel\u00edcula, que se estren\u00f3 en 2016. La banda sonora de Moana, que inclu\u00eda originales muy queridos como &#8220;De nada&#8221;, &#8221; y &#8220;How Far I&#8217;ll Go&#8221;, ha obtenido m\u00e1s de 20 mil millones de reproducciones en todo el mundo desde su lanzamiento. &#8220;De nada&#8221; tiene seis veces la certificaci\u00f3n platino de la RIAA y es el video m\u00e1s visto en el canal VEVO de DisneyMusic, con m\u00e1s de 1.6 mil millones. vistas hasta la fecha. \u201cHow Far I&#8217;ll Go\u201d, que cuenta con siete certificaciones de platino por la RIAA, fue nominada al Premio de la Academia y al Globo de Oro a la Mejor Canci\u00f3n Original.<\/p>\n<div class=\"uD-YT-container\"><img decoding=\"async\" src=\"https:\/\/web.consaguirre.com.ar\/noticias\/wp-content\/uploads\/2024\/11\/1731130692_724_Escuche-Beyond-una-nueva-cancion-de-la-banda-sonora-de.jpg\" alt=\"V\u00eddeo de YouTube\"><br \/>Haga clic para cargar v\u00eddeo<\/div>\n<p>\u201cBeyond\u201d fue escrita por las compositoras ganadoras del Grammy Abigail Barlow y Emily Bear Barlow &#038; Bear; el disco tambi\u00e9n incluye m\u00fasica original de la ganadora del American Music Award Opetaia Foa&#8217;i y del ganador del Grammy Mark Mancina.<\/p>\n<p>\u201cDurante el proceso de escribir esto, hablamos con muchas personas que vienen de Ocean\u00eda y las islas de la Polinesia, y lo que les parece fiel a todos es su profunda conexi\u00f3n con su herencia y c\u00f3mo honran a sus antepasados\u201d, Barlow &#038; Bear compartido. \u201cNo importa cu\u00e1n desalentador sea este viaje hacia Moana, ella no puede rechazarlo. La asusta pero tambi\u00e9n la regocija porque es una llamada de los antepasados. Y la idea de que el oc\u00e9ano nos conecta a todos es una parte muy importante de la cultura de las islas del Pac\u00edfico y de la cultura de orientaci\u00f3n\u201d.<\/p>\n<p>Cravalho, quien canta \u201cBeyond\u201d, agreg\u00f3: \u201cRealmente me impact\u00f3 como alguien que se siente profundamente conectado con mi cultura. Se trata de ir m\u00e1s all\u00e1 de lo que eres capaz de hacer, m\u00e1s all\u00e1 de tu zona de confort, y no hacerlo s\u00f3lo por ti mismo, sino por tu gente\u201d.<\/p>\n<p><strong>Mira el v\u00eddeo de \u201cBeyond\u201d ahora.<\/strong><\/p>\n","protected":false},"excerpt":{"rendered":"<p>Una nueva canci\u00f3n original de moana 2\u201cM\u00e1s all\u00e1\u201d, ya est\u00e1 disponible. La pel\u00edcula, que se estrenar\u00e1 en cines el 22 de noviembre, est\u00e1 protagonizada por<\/p>\n","protected":false},"author":1,"featured_media":1065,"comment_status":"closed","ping_status":"","sticky":false,"template":"","format":"standard","meta":{"footnotes":""},"categories":[50],"tags":[471,460,852,905,116,112,191],"class_list":["post-1064","post","type-post","status-publish","format-standard","has-post-thumbnail","hentry","category-el-ultimo","tag-banda","tag-cancion","tag-escuche","tag-moana","tag-nueva","tag-sonora","tag-una","generate-columns","tablet-grid-50","mobile-grid-100","grid-parent","grid-50"],"yoast_head":"<!-- This site is optimized with the Yoast SEO plugin v23.3 - https:\/\/yoast.com\/wordpress\/plugins\/seo\/ -->\n<title>Escuche &#039;Beyond&#039;, una nueva canci\u00f3n de la banda sonora de &#039;Moana 2&#039;<\/title>\n<meta name=\"robots\" content=\"index, follow, max-snippet:-1, max-image-preview:large, max-video-preview:-1\" \/>\n<link rel=\"canonical\" href=\"https:\/\/web.consaguirre.com.ar\/noticias\/escuche-beyond-una-nueva-cancion-de-la-banda-sonora-de-moana-2\/\" \/>\n<meta property=\"og:locale\" content=\"es_ES\" \/>\n<meta property=\"og:type\" content=\"article\" \/>\n<meta property=\"og:title\" content=\"Escuche &#039;Beyond&#039;, una nueva canci\u00f3n de la banda sonora de &#039;Moana 2&#039;\" \/>\n<meta property=\"og:description\" content=\"Una nueva canci\u00f3n original de moana 2\u201cM\u00e1s all\u00e1\u201d, ya est\u00e1 disponible. La pel\u00edcula, que se estrenar\u00e1 en cines el 22 de noviembre, est\u00e1 protagonizada por\" \/>\n<meta property=\"og:url\" content=\"https:\/\/web.consaguirre.com.ar\/noticias\/escuche-beyond-una-nueva-cancion-de-la-banda-sonora-de-moana-2\/\" \/>\n<meta property=\"og:site_name\" content=\"Conservatorio de M\u00fasica Juli\u00e1n Aguirre\" \/>\n<meta property=\"article:published_time\" content=\"2024-11-09T05:38:12+00:00\" \/>\n<meta property=\"article:modified_time\" content=\"2024-11-09T05:38:14+00:00\" \/>\n<meta property=\"og:image\" content=\"https:\/\/web.consaguirre.com.ar\/noticias\/wp-content\/uploads\/2024\/11\/Escuche-Beyond-una-nueva-cancion-de-la-banda-sonora-de.jpg\" \/>\n\t<meta property=\"og:image:width\" content=\"1280\" \/>\n\t<meta property=\"og:image:height\" content=\"1280\" \/>\n\t<meta property=\"og:image:type\" content=\"image\/jpeg\" \/>\n<meta name=\"author\" content=\"Javier Figueroa\" \/>\n<meta name=\"twitter:card\" content=\"summary_large_image\" \/>\n<meta name=\"twitter:label1\" content=\"Escrito por\" \/>\n\t<meta name=\"twitter:data1\" content=\"Javier Figueroa\" \/>\n\t<meta name=\"twitter:label2\" content=\"Tiempo de lectura\" \/>\n\t<meta name=\"twitter:data2\" content=\"2 minutos\" \/>\n<script type=\"application\/ld+json\" class=\"yoast-schema-graph\">{\"@context\":\"https:\/\/schema.org\",\"@graph\":[{\"@type\":\"Article\",\"@id\":\"https:\/\/web.consaguirre.com.ar\/noticias\/escuche-beyond-una-nueva-cancion-de-la-banda-sonora-de-moana-2\/#article\",\"isPartOf\":{\"@id\":\"https:\/\/web.consaguirre.com.ar\/noticias\/escuche-beyond-una-nueva-cancion-de-la-banda-sonora-de-moana-2\/\"},\"author\":{\"name\":\"Javier Figueroa\",\"@id\":\"https:\/\/web.consaguirre.com.ar\/noticias\/#\/schema\/person\/6558b0cfedee7ddc5425602b237d5722\"},\"headline\":\"Escuche &#8216;Beyond&#8217;, una nueva canci\u00f3n de la banda sonora de &#8216;Moana 2&#8217;\",\"datePublished\":\"2024-11-09T05:38:12+00:00\",\"dateModified\":\"2024-11-09T05:38:14+00:00\",\"mainEntityOfPage\":{\"@id\":\"https:\/\/web.consaguirre.com.ar\/noticias\/escuche-beyond-una-nueva-cancion-de-la-banda-sonora-de-moana-2\/\"},\"wordCount\":378,\"publisher\":{\"@id\":\"https:\/\/web.consaguirre.com.ar\/noticias\/#organization\"},\"image\":{\"@id\":\"https:\/\/web.consaguirre.com.ar\/noticias\/escuche-beyond-una-nueva-cancion-de-la-banda-sonora-de-moana-2\/#primaryimage\"},\"thumbnailUrl\":\"https:\/\/web.consaguirre.com.ar\/noticias\/wp-content\/uploads\/2024\/11\/Escuche-Beyond-una-nueva-cancion-de-la-banda-sonora-de.jpg\",\"keywords\":[\"banda\",\"canci\u00f3n\",\"Escuche\",\"Moana\",\"nueva\",\"Sonora\",\"una\"],\"articleSection\":[\"El \u00faltimo\"],\"inLanguage\":\"es-AR\"},{\"@type\":\"WebPage\",\"@id\":\"https:\/\/web.consaguirre.com.ar\/noticias\/escuche-beyond-una-nueva-cancion-de-la-banda-sonora-de-moana-2\/\",\"url\":\"https:\/\/web.consaguirre.com.ar\/noticias\/escuche-beyond-una-nueva-cancion-de-la-banda-sonora-de-moana-2\/\",\"name\":\"Escuche 'Beyond', una nueva canci\u00f3n de la banda sonora de 'Moana 2'\",\"isPartOf\":{\"@id\":\"https:\/\/web.consaguirre.com.ar\/noticias\/#website\"},\"primaryImageOfPage\":{\"@id\":\"https:\/\/web.consaguirre.com.ar\/noticias\/escuche-beyond-una-nueva-cancion-de-la-banda-sonora-de-moana-2\/#primaryimage\"},\"image\":{\"@id\":\"https:\/\/web.consaguirre.com.ar\/noticias\/escuche-beyond-una-nueva-cancion-de-la-banda-sonora-de-moana-2\/#primaryimage\"},\"thumbnailUrl\":\"https:\/\/web.consaguirre.com.ar\/noticias\/wp-content\/uploads\/2024\/11\/Escuche-Beyond-una-nueva-cancion-de-la-banda-sonora-de.jpg\",\"datePublished\":\"2024-11-09T05:38:12+00:00\",\"dateModified\":\"2024-11-09T05:38:14+00:00\",\"breadcrumb\":{\"@id\":\"https:\/\/web.consaguirre.com.ar\/noticias\/escuche-beyond-una-nueva-cancion-de-la-banda-sonora-de-moana-2\/#breadcrumb\"},\"inLanguage\":\"es-AR\",\"potentialAction\":[{\"@type\":\"ReadAction\",\"target\":[\"https:\/\/web.consaguirre.com.ar\/noticias\/escuche-beyond-una-nueva-cancion-de-la-banda-sonora-de-moana-2\/\"]}]},{\"@type\":\"ImageObject\",\"inLanguage\":\"es-AR\",\"@id\":\"https:\/\/web.consaguirre.com.ar\/noticias\/escuche-beyond-una-nueva-cancion-de-la-banda-sonora-de-moana-2\/#primaryimage\",\"url\":\"https:\/\/web.consaguirre.com.ar\/noticias\/wp-content\/uploads\/2024\/11\/Escuche-Beyond-una-nueva-cancion-de-la-banda-sonora-de.jpg\",\"contentUrl\":\"https:\/\/web.consaguirre.com.ar\/noticias\/wp-content\/uploads\/2024\/11\/Escuche-Beyond-una-nueva-cancion-de-la-banda-sonora-de.jpg\",\"width\":1280,\"height\":1280,\"caption\":\"Escuche 'Beyond', una nueva canci\u00f3n de la banda sonora de 'Moana 2'\"},{\"@type\":\"BreadcrumbList\",\"@id\":\"https:\/\/web.consaguirre.com.ar\/noticias\/escuche-beyond-una-nueva-cancion-de-la-banda-sonora-de-moana-2\/#breadcrumb\",\"itemListElement\":[{\"@type\":\"ListItem\",\"position\":1,\"name\":\"Inicio\",\"item\":\"https:\/\/web.consaguirre.com.ar\/noticias\/\"},{\"@type\":\"ListItem\",\"position\":2,\"name\":\"Escuche &#8216;Beyond&#8217;, una nueva canci\u00f3n de la banda sonora de &#8216;Moana 2&#8217;\"}]},{\"@type\":\"WebSite\",\"@id\":\"https:\/\/web.consaguirre.com.ar\/noticias\/#website\",\"url\":\"https:\/\/web.consaguirre.com.ar\/noticias\/\",\"name\":\"Conservatorio de M\u00fasica Juli\u00e1n Aguirre\",\"description\":\"\",\"publisher\":{\"@id\":\"https:\/\/web.consaguirre.com.ar\/noticias\/#organization\"},\"potentialAction\":[{\"@type\":\"SearchAction\",\"target\":{\"@type\":\"EntryPoint\",\"urlTemplate\":\"https:\/\/web.consaguirre.com.ar\/noticias\/?s={search_term_string}\"},\"query-input\":\"required name=search_term_string\"}],\"inLanguage\":\"es-AR\"},{\"@type\":\"Organization\",\"@id\":\"https:\/\/web.consaguirre.com.ar\/noticias\/#organization\",\"name\":\"Conservatorio de M\u00fasica Juli\u00e1n Aguirre\",\"url\":\"https:\/\/web.consaguirre.com.ar\/noticias\/\",\"logo\":{\"@type\":\"ImageObject\",\"inLanguage\":\"es-AR\",\"@id\":\"https:\/\/web.consaguirre.com.ar\/noticias\/#\/schema\/logo\/image\/\",\"url\":\"https:\/\/web.consaguirre.com.ar\/noticias\/wp-content\/uploads\/2024\/08\/Banner-Aguirre-23.jpg\",\"contentUrl\":\"https:\/\/web.consaguirre.com.ar\/noticias\/wp-content\/uploads\/2024\/08\/Banner-Aguirre-23.jpg\",\"width\":1192,\"height\":600,\"caption\":\"Conservatorio de M\u00fasica Juli\u00e1n Aguirre\"},\"image\":{\"@id\":\"https:\/\/web.consaguirre.com.ar\/noticias\/#\/schema\/logo\/image\/\"}},{\"@type\":\"Person\",\"@id\":\"https:\/\/web.consaguirre.com.ar\/noticias\/#\/schema\/person\/6558b0cfedee7ddc5425602b237d5722\",\"name\":\"Javier Figueroa\",\"image\":{\"@type\":\"ImageObject\",\"inLanguage\":\"es-AR\",\"@id\":\"https:\/\/web.consaguirre.com.ar\/noticias\/#\/schema\/person\/image\/\",\"url\":\"https:\/\/web.consaguirre.com.ar\/noticias\/wp-content\/uploads\/2024\/08\/Consaguirre-scaled.jpg\",\"contentUrl\":\"https:\/\/web.consaguirre.com.ar\/noticias\/wp-content\/uploads\/2024\/08\/Consaguirre-scaled.jpg\",\"caption\":\"Javier Figueroa\"},\"description\":\"Me llamo Javier Figueroa y soy redactor para el sitio oficial del Conservatorio de M\u00fasica Juli\u00e1n Aguirre en Buenos Aires, consaguirre.com. Apasionado por la m\u00fasica y la escritura, me esfuerzo por destacar los talentos y eventos de nuestra prestigiosa instituci\u00f3n. Mi trayectoria se nutre de una profunda admiraci\u00f3n por los artistas, haciendo de cada art\u00edculo una celebraci\u00f3n de la creatividad y la cultura musical.\",\"sameAs\":[\"https:\/\/web.consaguirre.com.ar\/noticias\"]}]}<\/script>\n<!-- \/ Yoast SEO plugin. -->","yoast_head_json":{"title":"Escuche 'Beyond', una nueva canci\u00f3n de la banda sonora de 'Moana 2'","robots":{"index":"index","follow":"follow","max-snippet":"max-snippet:-1","max-image-preview":"max-image-preview:large","max-video-preview":"max-video-preview:-1"},"canonical":"https:\/\/web.consaguirre.com.ar\/noticias\/escuche-beyond-una-nueva-cancion-de-la-banda-sonora-de-moana-2\/","og_locale":"es_ES","og_type":"article","og_title":"Escuche 'Beyond', una nueva canci\u00f3n de la banda sonora de 'Moana 2'","og_description":"Una nueva canci\u00f3n original de moana 2\u201cM\u00e1s all\u00e1\u201d, ya est\u00e1 disponible. La pel\u00edcula, que se estrenar\u00e1 en cines el 22 de noviembre, est\u00e1 protagonizada por","og_url":"https:\/\/web.consaguirre.com.ar\/noticias\/escuche-beyond-una-nueva-cancion-de-la-banda-sonora-de-moana-2\/","og_site_name":"Conservatorio de M\u00fasica Juli\u00e1n Aguirre","article_published_time":"2024-11-09T05:38:12+00:00","article_modified_time":"2024-11-09T05:38:14+00:00","og_image":[{"width":1280,"height":1280,"url":"https:\/\/web.consaguirre.com.ar\/noticias\/wp-content\/uploads\/2024\/11\/Escuche-Beyond-una-nueva-cancion-de-la-banda-sonora-de.jpg","type":"image\/jpeg"}],"author":"Javier Figueroa","twitter_card":"summary_large_image","twitter_misc":{"Escrito por":"Javier Figueroa","Tiempo de lectura":"2 minutos"},"schema":{"@context":"https:\/\/schema.org","@graph":[{"@type":"Article","@id":"https:\/\/web.consaguirre.com.ar\/noticias\/escuche-beyond-una-nueva-cancion-de-la-banda-sonora-de-moana-2\/#article","isPartOf":{"@id":"https:\/\/web.consaguirre.com.ar\/noticias\/escuche-beyond-una-nueva-cancion-de-la-banda-sonora-de-moana-2\/"},"author":{"name":"Javier Figueroa","@id":"https:\/\/web.consaguirre.com.ar\/noticias\/#\/schema\/person\/6558b0cfedee7ddc5425602b237d5722"},"headline":"Escuche &#8216;Beyond&#8217;, una nueva canci\u00f3n de la banda sonora de &#8216;Moana 2&#8217;","datePublished":"2024-11-09T05:38:12+00:00","dateModified":"2024-11-09T05:38:14+00:00","mainEntityOfPage":{"@id":"https:\/\/web.consaguirre.com.ar\/noticias\/escuche-beyond-una-nueva-cancion-de-la-banda-sonora-de-moana-2\/"},"wordCount":378,"publisher":{"@id":"https:\/\/web.consaguirre.com.ar\/noticias\/#organization"},"image":{"@id":"https:\/\/web.consaguirre.com.ar\/noticias\/escuche-beyond-una-nueva-cancion-de-la-banda-sonora-de-moana-2\/#primaryimage"},"thumbnailUrl":"https:\/\/web.consaguirre.com.ar\/noticias\/wp-content\/uploads\/2024\/11\/Escuche-Beyond-una-nueva-cancion-de-la-banda-sonora-de.jpg","keywords":["banda","canci\u00f3n","Escuche","Moana","nueva","Sonora","una"],"articleSection":["El \u00faltimo"],"inLanguage":"es-AR"},{"@type":"WebPage","@id":"https:\/\/web.consaguirre.com.ar\/noticias\/escuche-beyond-una-nueva-cancion-de-la-banda-sonora-de-moana-2\/","url":"https:\/\/web.consaguirre.com.ar\/noticias\/escuche-beyond-una-nueva-cancion-de-la-banda-sonora-de-moana-2\/","name":"Escuche 'Beyond', una nueva canci\u00f3n de la banda sonora de 'Moana 2'","isPartOf":{"@id":"https:\/\/web.consaguirre.com.ar\/noticias\/#website"},"primaryImageOfPage":{"@id":"https:\/\/web.consaguirre.com.ar\/noticias\/escuche-beyond-una-nueva-cancion-de-la-banda-sonora-de-moana-2\/#primaryimage"},"image":{"@id":"https:\/\/web.consaguirre.com.ar\/noticias\/escuche-beyond-una-nueva-cancion-de-la-banda-sonora-de-moana-2\/#primaryimage"},"thumbnailUrl":"https:\/\/web.consaguirre.com.ar\/noticias\/wp-content\/uploads\/2024\/11\/Escuche-Beyond-una-nueva-cancion-de-la-banda-sonora-de.jpg","datePublished":"2024-11-09T05:38:12+00:00","dateModified":"2024-11-09T05:38:14+00:00","breadcrumb":{"@id":"https:\/\/web.consaguirre.com.ar\/noticias\/escuche-beyond-una-nueva-cancion-de-la-banda-sonora-de-moana-2\/#breadcrumb"},"inLanguage":"es-AR","potentialAction":[{"@type":"ReadAction","target":["https:\/\/web.consaguirre.com.ar\/noticias\/escuche-beyond-una-nueva-cancion-de-la-banda-sonora-de-moana-2\/"]}]},{"@type":"ImageObject","inLanguage":"es-AR","@id":"https:\/\/web.consaguirre.com.ar\/noticias\/escuche-beyond-una-nueva-cancion-de-la-banda-sonora-de-moana-2\/#primaryimage","url":"https:\/\/web.consaguirre.com.ar\/noticias\/wp-content\/uploads\/2024\/11\/Escuche-Beyond-una-nueva-cancion-de-la-banda-sonora-de.jpg","contentUrl":"https:\/\/web.consaguirre.com.ar\/noticias\/wp-content\/uploads\/2024\/11\/Escuche-Beyond-una-nueva-cancion-de-la-banda-sonora-de.jpg","width":1280,"height":1280,"caption":"Escuche 'Beyond', una nueva canci\u00f3n de la banda sonora de 'Moana 2'"},{"@type":"BreadcrumbList","@id":"https:\/\/web.consaguirre.com.ar\/noticias\/escuche-beyond-una-nueva-cancion-de-la-banda-sonora-de-moana-2\/#breadcrumb","itemListElement":[{"@type":"ListItem","position":1,"name":"Inicio","item":"https:\/\/web.consaguirre.com.ar\/noticias\/"},{"@type":"ListItem","position":2,"name":"Escuche &#8216;Beyond&#8217;, una nueva canci\u00f3n de la banda sonora de &#8216;Moana 2&#8217;"}]},{"@type":"WebSite","@id":"https:\/\/web.consaguirre.com.ar\/noticias\/#website","url":"https:\/\/web.consaguirre.com.ar\/noticias\/","name":"Conservatorio de M\u00fasica Juli\u00e1n Aguirre","description":"","publisher":{"@id":"https:\/\/web.consaguirre.com.ar\/noticias\/#organization"},"potentialAction":[{"@type":"SearchAction","target":{"@type":"EntryPoint","urlTemplate":"https:\/\/web.consaguirre.com.ar\/noticias\/?s={search_term_string}"},"query-input":"required name=search_term_string"}],"inLanguage":"es-AR"},{"@type":"Organization","@id":"https:\/\/web.consaguirre.com.ar\/noticias\/#organization","name":"Conservatorio de M\u00fasica Juli\u00e1n Aguirre","url":"https:\/\/web.consaguirre.com.ar\/noticias\/","logo":{"@type":"ImageObject","inLanguage":"es-AR","@id":"https:\/\/web.consaguirre.com.ar\/noticias\/#\/schema\/logo\/image\/","url":"https:\/\/web.consaguirre.com.ar\/noticias\/wp-content\/uploads\/2024\/08\/Banner-Aguirre-23.jpg","contentUrl":"https:\/\/web.consaguirre.com.ar\/noticias\/wp-content\/uploads\/2024\/08\/Banner-Aguirre-23.jpg","width":1192,"height":600,"caption":"Conservatorio de M\u00fasica Juli\u00e1n Aguirre"},"image":{"@id":"https:\/\/web.consaguirre.com.ar\/noticias\/#\/schema\/logo\/image\/"}},{"@type":"Person","@id":"https:\/\/web.consaguirre.com.ar\/noticias\/#\/schema\/person\/6558b0cfedee7ddc5425602b237d5722","name":"Javier Figueroa","image":{"@type":"ImageObject","inLanguage":"es-AR","@id":"https:\/\/web.consaguirre.com.ar\/noticias\/#\/schema\/person\/image\/","url":"https:\/\/web.consaguirre.com.ar\/noticias\/wp-content\/uploads\/2024\/08\/Consaguirre-scaled.jpg","contentUrl":"https:\/\/web.consaguirre.com.ar\/noticias\/wp-content\/uploads\/2024\/08\/Consaguirre-scaled.jpg","caption":"Javier Figueroa"},"description":"Me llamo Javier Figueroa y soy redactor para el sitio oficial del Conservatorio de M\u00fasica Juli\u00e1n Aguirre en Buenos Aires, consaguirre.com. Apasionado por la m\u00fasica y la escritura, me esfuerzo por destacar los talentos y eventos de nuestra prestigiosa instituci\u00f3n. Mi trayectoria se nutre de una profunda admiraci\u00f3n por los artistas, haciendo de cada art\u00edculo una celebraci\u00f3n de la creatividad y la cultura musical.","sameAs":["https:\/\/web.consaguirre.com.ar\/noticias"]}]}},"_links":{"self":[{"href":"https:\/\/web.consaguirre.com.ar\/noticias\/wp-json\/wp\/v2\/posts\/1064"}],"collection":[{"href":"https:\/\/web.consaguirre.com.ar\/noticias\/wp-json\/wp\/v2\/posts"}],"about":[{"href":"https:\/\/web.consaguirre.com.ar\/noticias\/wp-json\/wp\/v2\/types\/post"}],"author":[{"embeddable":true,"href":"https:\/\/web.consaguirre.com.ar\/noticias\/wp-json\/wp\/v2\/users\/1"}],"replies":[{"embeddable":true,"href":"https:\/\/web.consaguirre.com.ar\/noticias\/wp-json\/wp\/v2\/comments?post=1064"}],"version-history":[{"count":1,"href":"https:\/\/web.consaguirre.com.ar\/noticias\/wp-json\/wp\/v2\/posts\/1064\/revisions"}],"predecessor-version":[{"id":1066,"href":"https:\/\/web.consaguirre.com.ar\/noticias\/wp-json\/wp\/v2\/posts\/1064\/revisions\/1066"}],"wp:featuredmedia":[{"embeddable":true,"href":"https:\/\/web.consaguirre.com.ar\/noticias\/wp-json\/wp\/v2\/media\/1065"}],"wp:attachment":[{"href":"https:\/\/web.consaguirre.com.ar\/noticias\/wp-json\/wp\/v2\/media?parent=1064"}],"wp:term":[{"taxonomy":"category","embeddable":true,"href":"https:\/\/web.consaguirre.com.ar\/noticias\/wp-json\/wp\/v2\/categories?post=1064"},{"taxonomy":"post_tag","embeddable":true,"href":"https:\/\/web.consaguirre.com.ar\/noticias\/wp-json\/wp\/v2\/tags?post=1064"}],"curies":[{"name":"wp","href":"https:\/\/api.w.org\/{rel}","templated":true}]}}