{"id":105,"date":"2024-08-26T11:29:07","date_gmt":"2024-08-26T14:29:07","guid":{"rendered":"https:\/\/web.consaguirre.com.ar\/noticias\/resena-del-cd-cyrille-aimee-a-fleur-de-peau\/"},"modified":"2024-09-08T16:27:50","modified_gmt":"2024-09-08T19:27:50","slug":"resena-del-cd-cyrille-aimee-a-fleur-de-peau","status":"publish","type":"post","link":"https:\/\/web.consaguirre.com.ar\/noticias\/resena-del-cd-cyrille-aimee-a-fleur-de-peau\/","title":{"rendered":"Rese\u00f1a del CD: Cyrille Aim\u00e9e, \u00c0 Fleur de Peau"},"content":{"rendered":"<div class=\"entry\" itemprop=\"text\">\n<p><em><strong>Cyrille Aim\u00e9e, la cantante de jazz nacida en Francia conocida por sus interpretaciones de canciones cl\u00e1sicas e influencias del jazz gitano, ha tomado una direcci\u00f3n nueva y audaz con su \u00faltimo \u00e1lbum, &#8220;\u00c0 Fleur de Peau&#8221;. Este lanzamiento marca un cambio significativo con respecto a su trabajo anterior, mostrando a Aim\u00e9e no solo como vocalista sino tambi\u00e9n como compositora por derecho propio.<\/strong><\/em><\/p>\n<p>\u201c\u00c0 Fleur de Peau\u201d cuenta con diez temas, ocho de los cuales son composiciones originales de la propia Aim\u00e9e. Este cambio hacia el material original representa un nuevo cap\u00edtulo en la carrera de la artista, ofreciendo a los oyentes una visi\u00f3n m\u00e1s personal e \u00edntima de su visi\u00f3n musical. La creaci\u00f3n del \u00e1lbum tiene sus ra\u00edces en una experiencia profundamente personal que ocurri\u00f3 seis a\u00f1os antes de su lanzamiento, durante un viaje a Costa Rica. Este evento provoc\u00f3 la creaci\u00f3n de la canci\u00f3n \u201cInside and Out\u201d, que, aunque se grab\u00f3 poco despu\u00e9s, permaneci\u00f3 in\u00e9dita durante a\u00f1os mientras Aim\u00e9e luchaba con su confianza como compositora.<\/p>\n<p>El origen del \u00e1lbum est\u00e1 intr\u00ednsecamente ligado a la conexi\u00f3n de Aim\u00e9e con Costa Rica. Durante la pandemia de COVID-19, se mud\u00f3 a un terreno que hab\u00eda comprado en el pa\u00eds y emprendi\u00f3 el ambicioso proyecto de dise\u00f1ar y construir una casa en la selva. Este esfuerzo creativo sirvi\u00f3 como catalizador para su composici\u00f3n de canciones, y la casa se convirti\u00f3 en un &#8220;beb\u00e9&#8221; metaf\u00f3rico que aliment\u00f3 su crecimiento art\u00edstico. A medida que crec\u00eda su confianza en sus habilidades de construcci\u00f3n, tambi\u00e9n lo hac\u00eda su confianza en sus habilidades de composici\u00f3n de canciones.<\/p>\n<p>La producci\u00f3n de \u201c\u00c0 Fleur de Peau\u201d fue un esfuerzo colaborativo entre Aim\u00e9e y el multiinstrumentista y productor de Nueva York Jake Sherman. Su m\u00e9todo de trabajo se centr\u00f3 en las grabaciones originales de Aim\u00e9e, con su voz y su guitarra o ukelele bar\u00edtono como base para cada pista. A partir de all\u00ed, el d\u00fao construy\u00f3 capas de arreglos, incorporando las improvisaciones vocales caracter\u00edsticas de Aim\u00e9e para sugerir l\u00edneas de instrumentos de viento, partes de percusi\u00f3n y contramelod\u00edas. Luego, Sherman recre\u00f3 estos elementos utilizando una variedad de instrumentos antiguos, lo que dio como resultado un sonido que es \u00edntimo y ricamente texturizado.<\/p>\n<p>Este enfoque de producci\u00f3n ha dado como resultado un \u00e1lbum con una paleta sonora diversa y que, al mismo tiempo, mantiene una sensaci\u00f3n personal y cohesiva en todo momento. El proceso de colaboraci\u00f3n entre Aim\u00e9e y Sherman ha permitido una integraci\u00f3n perfecta de las interpretaciones vocales crudas y emotivas de Aim\u00e9e con la experiencia instrumental y de producci\u00f3n de Sherman.<\/p>\n<p>El objetivo de Aim\u00e9e con este \u00e1lbum va m\u00e1s all\u00e1 de su propia expresi\u00f3n art\u00edstica. En las notas que acompa\u00f1an al \u00e1lbum, afirma: \u201cQuiero inspirar a las mujeres a crear: con sus manos, sus \u00fateros, sus voces, lo que sea que las inspire\u201d. Este sentimiento se refleja en la naturaleza profundamente personal de las canciones y en el enfoque pr\u00e1ctico que Aim\u00e9e adopt\u00f3 para darles vida.<\/p>\n<div id=\"attachment_61423\" style=\"width: 1034px\" class=\"wp-caption aligncenter\"><img loading=\"lazy\" decoding=\"async\" class=\"size-large wp-image-61423\" src=\"https:\/\/web.consaguirre.com.ar\/noticias\/wp-content\/uploads\/2024\/08\/1724682384_289_Resena-del-CD-Cyrille-Aimee-A-Fleur-de-Peau.jpg\" alt=\"\" width=\"1024\" height=\"479\"  ><\/p>\n<p class=\"wp-caption-text\">Cr\u00e9dito de la fotograf\u00eda: Noe Cugny<\/p>\n<\/div>\n<p>En cuanto a la m\u00fasica, el \u00e1lbum abre con \u201cBeautiful Way\u201d, un tributo biling\u00fce a Nueva Orleans que muestra el enfoque creativo de Aim\u00e9e hacia la percusi\u00f3n, incorporando el sonido de su mordida de una galleta. La canci\u00f3n presenta un ritmo ligero y lleno de soul con influencias pop y un estribillo fuerte y memorable. Esta canci\u00f3n de apertura marca el tono del \u00e1lbum, demostrando la voluntad de Aim\u00e9e de experimentar con lo poco convencional y su capacidad para crear melod\u00edas pegadizas y accesibles.<\/p>\n<p>\u201cAgain Again\u201d conserva la simplicidad de la melanc\u00f3lica composici\u00f3n original de Aim\u00e9e basada en la guitarra. La producci\u00f3n de esta canci\u00f3n es sutil y discreta, y centra la atenci\u00f3n del oyente en la melod\u00eda. La instrumentaci\u00f3n de acompa\u00f1amiento incluye una percusi\u00f3n suave y pads de teclado, todo ello superpuesto con un toque delicado que complementa en lugar de eclipsar la interpretaci\u00f3n vocal de Aim\u00e9e.<\/p>\n<p>Una de las dos canciones no originales del \u00e1lbum, \u201cFor the Love of You\u201d, originalmente de The Isley Brothers, recibe un tratamiento inspirado en el funk. El arreglo incluye sonidos de teclado inspirados en los a\u00f1os 80, creando un fondo que el comunicado de prensa describe como una \u201cporci\u00f3n gloriosamente estimulante de sofisticado Yacht-Pop\u201d. Sin embargo, es la interpretaci\u00f3n vocal de Aim\u00e9e la que realmente se destaca en esta canci\u00f3n, mostrando su capacidad para interpretar y reinventar material existente.<\/p>\n<p>\u201cInside Out\u201d, la canci\u00f3n que naci\u00f3 de la experiencia de Aim\u00e9e en Costa Rica seis a\u00f1os antes, es una de las canciones m\u00e1s destacadas del \u00e1lbum. Tiene una sensibilidad pop que recuerda al trabajo de Michael Franks a fines de los a\u00f1os 70. El arreglo y la producci\u00f3n de la canci\u00f3n resaltan el crecimiento de Aim\u00e9e como compositora, combinando con \u00e9xito elementos de jazz, pop y soul en una pieza cohesiva y emocionalmente resonante.<\/p>\n<p>\u201cBack to You\u201d explora temas de nostalgia y separaci\u00f3n con una inflexi\u00f3n de Nu-Soul. Esta canci\u00f3n presenta una de las interpretaciones vocales m\u00e1s fuertes del \u00e1lbum, con la voz de Aim\u00e9e transmitiendo una profundidad de emoci\u00f3n que es a la vez cruda y refinada. El arreglo y la producci\u00f3n de \u201cBack to You\u201d son particularmente dignos de menci\u00f3n, creando un paisaje sonoro exuberante que complementa el n\u00facleo emocional de la canci\u00f3n.<\/p>\n<p>\u201cFeel What I Feel\u201d presenta un cambio de ritmo con su vals caprichoso basado en la guitarra. La sensaci\u00f3n ligera y cadenciosa de la canci\u00f3n se ve reforzada por la interpretaci\u00f3n vocal de Aim\u00e9e, que parece flotar sin esfuerzo sobre la instrumentaci\u00f3n. Una vez m\u00e1s, hay un estribillo potente que demuestra la habilidad de Aim\u00e9e para crear el proverbial \u201cgusano de o\u00eddo\u201d.<\/p>\n<div id=\"attachment_61425\" style=\"width: 510px\" class=\"wp-caption alignright\"><img loading=\"lazy\" decoding=\"async\" class=\"wp-image-61425 size-full\" src=\"https:\/\/web.consaguirre.com.ar\/noticias\/wp-content\/uploads\/2024\/08\/1724682384_529_Resena-del-CD-Cyrille-Aimee-A-Fleur-de-Peau.jpg\" alt=\"\" width=\"500\" height=\"333\"  ><\/p>\n<p class=\"wp-caption-text\">Cr\u00e9dito de la fotograf\u00eda: Noe Cugny<\/p>\n<\/div>\n<p>El \u00e1lbum toma un giro m\u00e1s oscuro con una versi\u00f3n reimaginada de la canci\u00f3n francesa \u201cMa Pr\u00e9f\u00e9rence\u201d. Esta canci\u00f3n se destaca del resto del repertorio, mostrando la capacidad de Aim\u00e9e para abordar material m\u00e1s sombr\u00edo y su habilidad para reinterpretar canciones existentes. Para cerrar el \u00e1lbum, se encuentra \u201cHistoria de amor\u201d, una canci\u00f3n en espa\u00f1ol ba\u00f1ada por el sol. Esta sencilla canci\u00f3n de amor de dos acordes dedicada a la naturaleza sirve como una conclusi\u00f3n adecuada para el \u00e1lbum, encapsulando las influencias multiculturales de Aim\u00e9e y su conexi\u00f3n con el mundo natural que inspir\u00f3 gran parte de la creaci\u00f3n del \u00e1lbum.<\/p>\n<p>\u201c\u00c0 Fleur de Peau\u201d representa una evoluci\u00f3n significativa en la trayectoria art\u00edstica de Cyrille Aim\u00e9e. El \u00e1lbum muestra su crecimiento no solo como vocalista, sino tambi\u00e9n como compositora. La colaboraci\u00f3n con el productor Jake Sherman ha dado como resultado una colecci\u00f3n de canciones que son a la vez profundamente personales y universalmente accesibles.<\/p>\n<p>El cambio hacia material original permite a los oyentes conectarse con Aim\u00e9e en un nivel m\u00e1s \u00edntimo, ofreciendo una visi\u00f3n de sus experiencias, emociones y proceso creativo. Los diversos estilos musicales representados en el \u00e1lbum demuestran la versatilidad de Aim\u00e9e como artista, mezclando a la perfecci\u00f3n elementos de jazz, pop, soul y m\u00fasica del mundo.<\/p>\n<p>La calidad de la producci\u00f3n del \u00e1lbum es notable, con la maestr\u00eda de Sherman complementando las interpretaciones de Aim\u00e9e sin eclipsarlas. El uso de instrumentos cl\u00e1sicos y percusi\u00f3n creativa agrega profundidad y textura a los arreglos, creando un rico paisaje sonoro que recompensa la escucha repetida.<\/p>\n<p>Si bien el \u00e1lbum marca un cambio con respecto a las exploraciones previas de Aim\u00e9e en Broadway y el cancionero estadounidense, se siente como una progresi\u00f3n natural en su desarrollo art\u00edstico. La confianza que muestra en sus composiciones y la honestidad emocional presente en sus interpretaciones sugieren que esta nueva direcci\u00f3n es la que le sienta bien.<\/p>\n<p>En mi opini\u00f3n, \u201c\u00c0 Fleur de Peau\u201d es una demostraci\u00f3n del crecimiento de Aim\u00e9e como artista y de su voluntad de asumir riesgos creativos. La combinaci\u00f3n de narraci\u00f3n personal, influencias musicales diversas y s\u00f3lidas interpretaciones vocales del \u00e1lbum lo convierten en un lanzamiento atractivo y una incorporaci\u00f3n significativa a la discograf\u00eda de Aim\u00e9e. Para los oyentes familiarizados con su trabajo anterior, este \u00e1lbum ofrece una perspectiva fresca sobre su talento, mientras que los reci\u00e9n llegados lo encontrar\u00e1n como una introducci\u00f3n accesible y atractiva a su arte.<\/p>\n<p>El \u00e1lbum ya est\u00e1 disponible en el sello brit\u00e1nico Whirlwind Recordings y se ha publicado en formato CD, LP y, por supuesto, en todas las plataformas de streaming. El CD y el LP se pueden pedir aqu\u00ed a trav\u00e9s de Bandcamp.<\/p>\n<p><strong>Listado de canciones:<\/strong><\/p>\n<p>1. Beautiful Way 03:47 | 2. Again Again 03:28 | 3. For the Love of You 03:50 | 4. Inside and Out 04:18 | 5. Yo soy Diosa 00:47 | 6. Back to You 04:34 | 7. Feel What I Feel 02:44 | 8. Here 04:02 | 9. Ma Pr\u00e9f\u00e9rence 03:36 | 10. Historia de Amor 04:03<\/p>\n<p><strong>P\u00f3ngase en fila:<\/strong><\/p>\n<p>Cyrille Aimee \u2013 voz, guitarra ac\u00fastica, ukelele bar\u00edtono | Jake Sherman \u2013 varios instrumentos | Abe Rounds \u2013 bater\u00eda y percusi\u00f3n | Jorge Roeder \u2013 bajo (2) | Duncan Wickel \u2013 viol\u00edn, violonchelo (2, 6, 7) | Naseem Alatrash \u2013 violonchelo (2, 7) | Jay Rattman \u2013 clarinete (2, 7) | Wayne Tucker \u2013 trompeta (1, 3) | Maria Cardona \u2013 voz (5) | Jamison Ross \u2013 bater\u00eda (6) | Chloe Rowlands \u2013 trompeta, fliscorno (6, 8) | Andy Clausen \u2013 tromb\u00f3n (6, 8) | The Williamsburg School of Music Chorus \u2013 voz (8) | Armando Young \u2013 producci\u00f3n adicional de bater\u00eda<\/p>\n<p>Fecha de lanzamiento: 8 de marzo de 2024<br \/>\nFormato: CD | LP | Transmisi\u00f3n<br \/>\nEtiqueta: Whirlwind Recordings<\/p>\n<div class=\"post-pagination\"><\/div>\n<div class=\"clearfix\"><\/div>\n<\/p><\/div>\n","protected":false},"excerpt":{"rendered":"<p>Cyrille Aim\u00e9e, la cantante de jazz nacida en Francia conocida por sus interpretaciones de canciones cl\u00e1sicas e influencias del jazz gitano, ha tomado una direcci\u00f3n<\/p>\n","protected":false},"author":1,"featured_media":94,"comment_status":"closed","ping_status":"open","sticky":false,"template":"","format":"standard","meta":{"footnotes":""},"categories":[4],"tags":[12,11,10,13,14,6],"class_list":["post-105","post","type-post","status-publish","format-standard","has-post-thumbnail","hentry","category-critica","tag-aimee","tag-cyrille","tag-del","tag-fleur","tag-peau","tag-resena","generate-columns","tablet-grid-50","mobile-grid-100","grid-parent","grid-50"],"yoast_head":"<!-- This site is optimized with the Yoast SEO plugin v23.3 - https:\/\/yoast.com\/wordpress\/plugins\/seo\/ -->\n<title>Rese\u00f1a del CD: Cyrille Aim\u00e9e, \u00c0 Fleur de Peau<\/title>\n<meta name=\"robots\" content=\"index, follow, max-snippet:-1, max-image-preview:large, max-video-preview:-1\" \/>\n<link rel=\"canonical\" href=\"https:\/\/web.consaguirre.com.ar\/noticias\/resena-del-cd-cyrille-aimee-a-fleur-de-peau\/\" \/>\n<meta property=\"og:locale\" content=\"es_ES\" \/>\n<meta property=\"og:type\" content=\"article\" \/>\n<meta property=\"og:title\" content=\"Rese\u00f1a del CD: Cyrille Aim\u00e9e, \u00c0 Fleur de Peau\" \/>\n<meta property=\"og:description\" content=\"Cyrille Aim\u00e9e, la cantante de jazz nacida en Francia conocida por sus interpretaciones de canciones cl\u00e1sicas e influencias del jazz gitano, ha tomado una direcci\u00f3n\" \/>\n<meta property=\"og:url\" content=\"https:\/\/web.consaguirre.com.ar\/noticias\/resena-del-cd-cyrille-aimee-a-fleur-de-peau\/\" \/>\n<meta property=\"og:site_name\" content=\"Conservatorio de M\u00fasica Juli\u00e1n Aguirre\" \/>\n<meta property=\"article:published_time\" content=\"2024-08-26T14:29:07+00:00\" \/>\n<meta property=\"article:modified_time\" content=\"2024-09-08T19:27:50+00:00\" \/>\n<meta property=\"og:image\" content=\"https:\/\/web.consaguirre.com.ar\/noticias\/wp-content\/uploads\/2024\/08\/Resena-del-CD-Cyrille-Aimee-A-Fleur-de-Peau.jpg\" \/>\n\t<meta property=\"og:image:width\" content=\"300\" \/>\n\t<meta property=\"og:image:height\" content=\"300\" \/>\n\t<meta property=\"og:image:type\" content=\"image\/jpeg\" \/>\n<meta name=\"author\" content=\"Javier Figueroa\" \/>\n<meta name=\"twitter:card\" content=\"summary_large_image\" \/>\n<meta name=\"twitter:label1\" content=\"Escrito por\" \/>\n\t<meta name=\"twitter:data1\" content=\"Javier Figueroa\" \/>\n\t<meta name=\"twitter:label2\" content=\"Tiempo de lectura\" \/>\n\t<meta name=\"twitter:data2\" content=\"8 minutos\" \/>\n<script type=\"application\/ld+json\" class=\"yoast-schema-graph\">{\"@context\":\"https:\/\/schema.org\",\"@graph\":[{\"@type\":\"Article\",\"@id\":\"https:\/\/web.consaguirre.com.ar\/noticias\/resena-del-cd-cyrille-aimee-a-fleur-de-peau\/#article\",\"isPartOf\":{\"@id\":\"https:\/\/web.consaguirre.com.ar\/noticias\/resena-del-cd-cyrille-aimee-a-fleur-de-peau\/\"},\"author\":{\"name\":\"Javier Figueroa\",\"@id\":\"https:\/\/web.consaguirre.com.ar\/noticias\/#\/schema\/person\/6558b0cfedee7ddc5425602b237d5722\"},\"headline\":\"Rese\u00f1a del CD: Cyrille Aim\u00e9e, \u00c0 Fleur de Peau\",\"datePublished\":\"2024-08-26T14:29:07+00:00\",\"dateModified\":\"2024-09-08T19:27:50+00:00\",\"mainEntityOfPage\":{\"@id\":\"https:\/\/web.consaguirre.com.ar\/noticias\/resena-del-cd-cyrille-aimee-a-fleur-de-peau\/\"},\"wordCount\":1658,\"publisher\":{\"@id\":\"https:\/\/web.consaguirre.com.ar\/noticias\/#organization\"},\"image\":{\"@id\":\"https:\/\/web.consaguirre.com.ar\/noticias\/resena-del-cd-cyrille-aimee-a-fleur-de-peau\/#primaryimage\"},\"thumbnailUrl\":\"https:\/\/web.consaguirre.com.ar\/noticias\/wp-content\/uploads\/2024\/08\/Resena-del-CD-Cyrille-Aimee-A-Fleur-de-Peau.jpg\",\"keywords\":[\"Aim\u00e9e\",\"Cyrille\",\"del\",\"Fleur\",\"Peau\",\"Rese\u00f1a\"],\"articleSection\":[\"Cr\u00edtica\"],\"inLanguage\":\"es-AR\"},{\"@type\":\"WebPage\",\"@id\":\"https:\/\/web.consaguirre.com.ar\/noticias\/resena-del-cd-cyrille-aimee-a-fleur-de-peau\/\",\"url\":\"https:\/\/web.consaguirre.com.ar\/noticias\/resena-del-cd-cyrille-aimee-a-fleur-de-peau\/\",\"name\":\"Rese\u00f1a del CD: Cyrille Aim\u00e9e, \u00c0 Fleur de Peau\",\"isPartOf\":{\"@id\":\"https:\/\/web.consaguirre.com.ar\/noticias\/#website\"},\"primaryImageOfPage\":{\"@id\":\"https:\/\/web.consaguirre.com.ar\/noticias\/resena-del-cd-cyrille-aimee-a-fleur-de-peau\/#primaryimage\"},\"image\":{\"@id\":\"https:\/\/web.consaguirre.com.ar\/noticias\/resena-del-cd-cyrille-aimee-a-fleur-de-peau\/#primaryimage\"},\"thumbnailUrl\":\"https:\/\/web.consaguirre.com.ar\/noticias\/wp-content\/uploads\/2024\/08\/Resena-del-CD-Cyrille-Aimee-A-Fleur-de-Peau.jpg\",\"datePublished\":\"2024-08-26T14:29:07+00:00\",\"dateModified\":\"2024-09-08T19:27:50+00:00\",\"breadcrumb\":{\"@id\":\"https:\/\/web.consaguirre.com.ar\/noticias\/resena-del-cd-cyrille-aimee-a-fleur-de-peau\/#breadcrumb\"},\"inLanguage\":\"es-AR\",\"potentialAction\":[{\"@type\":\"ReadAction\",\"target\":[\"https:\/\/web.consaguirre.com.ar\/noticias\/resena-del-cd-cyrille-aimee-a-fleur-de-peau\/\"]}]},{\"@type\":\"ImageObject\",\"inLanguage\":\"es-AR\",\"@id\":\"https:\/\/web.consaguirre.com.ar\/noticias\/resena-del-cd-cyrille-aimee-a-fleur-de-peau\/#primaryimage\",\"url\":\"https:\/\/web.consaguirre.com.ar\/noticias\/wp-content\/uploads\/2024\/08\/Resena-del-CD-Cyrille-Aimee-A-Fleur-de-Peau.jpg\",\"contentUrl\":\"https:\/\/web.consaguirre.com.ar\/noticias\/wp-content\/uploads\/2024\/08\/Resena-del-CD-Cyrille-Aimee-A-Fleur-de-Peau.jpg\",\"width\":300,\"height\":300,\"caption\":\"Rese\u00f1a del CD: Cyrille Aim\u00e9e, \u00c0 Fleur de Peau\"},{\"@type\":\"BreadcrumbList\",\"@id\":\"https:\/\/web.consaguirre.com.ar\/noticias\/resena-del-cd-cyrille-aimee-a-fleur-de-peau\/#breadcrumb\",\"itemListElement\":[{\"@type\":\"ListItem\",\"position\":1,\"name\":\"Inicio\",\"item\":\"https:\/\/web.consaguirre.com.ar\/noticias\/\"},{\"@type\":\"ListItem\",\"position\":2,\"name\":\"Rese\u00f1a del CD: Cyrille Aim\u00e9e, \u00c0 Fleur de Peau\"}]},{\"@type\":\"WebSite\",\"@id\":\"https:\/\/web.consaguirre.com.ar\/noticias\/#website\",\"url\":\"https:\/\/web.consaguirre.com.ar\/noticias\/\",\"name\":\"Conservatorio de M\u00fasica Juli\u00e1n Aguirre\",\"description\":\"\",\"publisher\":{\"@id\":\"https:\/\/web.consaguirre.com.ar\/noticias\/#organization\"},\"potentialAction\":[{\"@type\":\"SearchAction\",\"target\":{\"@type\":\"EntryPoint\",\"urlTemplate\":\"https:\/\/web.consaguirre.com.ar\/noticias\/?s={search_term_string}\"},\"query-input\":\"required name=search_term_string\"}],\"inLanguage\":\"es-AR\"},{\"@type\":\"Organization\",\"@id\":\"https:\/\/web.consaguirre.com.ar\/noticias\/#organization\",\"name\":\"Conservatorio de M\u00fasica Juli\u00e1n Aguirre\",\"url\":\"https:\/\/web.consaguirre.com.ar\/noticias\/\",\"logo\":{\"@type\":\"ImageObject\",\"inLanguage\":\"es-AR\",\"@id\":\"https:\/\/web.consaguirre.com.ar\/noticias\/#\/schema\/logo\/image\/\",\"url\":\"https:\/\/web.consaguirre.com.ar\/noticias\/wp-content\/uploads\/2024\/08\/Banner-Aguirre-23.jpg\",\"contentUrl\":\"https:\/\/web.consaguirre.com.ar\/noticias\/wp-content\/uploads\/2024\/08\/Banner-Aguirre-23.jpg\",\"width\":1192,\"height\":600,\"caption\":\"Conservatorio de M\u00fasica Juli\u00e1n Aguirre\"},\"image\":{\"@id\":\"https:\/\/web.consaguirre.com.ar\/noticias\/#\/schema\/logo\/image\/\"}},{\"@type\":\"Person\",\"@id\":\"https:\/\/web.consaguirre.com.ar\/noticias\/#\/schema\/person\/6558b0cfedee7ddc5425602b237d5722\",\"name\":\"Javier Figueroa\",\"image\":{\"@type\":\"ImageObject\",\"inLanguage\":\"es-AR\",\"@id\":\"https:\/\/web.consaguirre.com.ar\/noticias\/#\/schema\/person\/image\/\",\"url\":\"https:\/\/web.consaguirre.com.ar\/noticias\/wp-content\/uploads\/2024\/08\/Consaguirre-scaled.jpg\",\"contentUrl\":\"https:\/\/web.consaguirre.com.ar\/noticias\/wp-content\/uploads\/2024\/08\/Consaguirre-scaled.jpg\",\"caption\":\"Javier Figueroa\"},\"description\":\"Me llamo Javier Figueroa y soy redactor para el sitio oficial del Conservatorio de M\u00fasica Juli\u00e1n Aguirre en Buenos Aires, consaguirre.com. Apasionado por la m\u00fasica y la escritura, me esfuerzo por destacar los talentos y eventos de nuestra prestigiosa instituci\u00f3n. Mi trayectoria se nutre de una profunda admiraci\u00f3n por los artistas, haciendo de cada art\u00edculo una celebraci\u00f3n de la creatividad y la cultura musical.\",\"sameAs\":[\"https:\/\/web.consaguirre.com.ar\/noticias\"]}]}<\/script>\n<!-- \/ Yoast SEO plugin. -->","yoast_head_json":{"title":"Rese\u00f1a del CD: Cyrille Aim\u00e9e, \u00c0 Fleur de Peau","robots":{"index":"index","follow":"follow","max-snippet":"max-snippet:-1","max-image-preview":"max-image-preview:large","max-video-preview":"max-video-preview:-1"},"canonical":"https:\/\/web.consaguirre.com.ar\/noticias\/resena-del-cd-cyrille-aimee-a-fleur-de-peau\/","og_locale":"es_ES","og_type":"article","og_title":"Rese\u00f1a del CD: Cyrille Aim\u00e9e, \u00c0 Fleur de Peau","og_description":"Cyrille Aim\u00e9e, la cantante de jazz nacida en Francia conocida por sus interpretaciones de canciones cl\u00e1sicas e influencias del jazz gitano, ha tomado una direcci\u00f3n","og_url":"https:\/\/web.consaguirre.com.ar\/noticias\/resena-del-cd-cyrille-aimee-a-fleur-de-peau\/","og_site_name":"Conservatorio de M\u00fasica Juli\u00e1n Aguirre","article_published_time":"2024-08-26T14:29:07+00:00","article_modified_time":"2024-09-08T19:27:50+00:00","og_image":[{"width":300,"height":300,"url":"https:\/\/web.consaguirre.com.ar\/noticias\/wp-content\/uploads\/2024\/08\/Resena-del-CD-Cyrille-Aimee-A-Fleur-de-Peau.jpg","type":"image\/jpeg"}],"author":"Javier Figueroa","twitter_card":"summary_large_image","twitter_misc":{"Escrito por":"Javier Figueroa","Tiempo de lectura":"8 minutos"},"schema":{"@context":"https:\/\/schema.org","@graph":[{"@type":"Article","@id":"https:\/\/web.consaguirre.com.ar\/noticias\/resena-del-cd-cyrille-aimee-a-fleur-de-peau\/#article","isPartOf":{"@id":"https:\/\/web.consaguirre.com.ar\/noticias\/resena-del-cd-cyrille-aimee-a-fleur-de-peau\/"},"author":{"name":"Javier Figueroa","@id":"https:\/\/web.consaguirre.com.ar\/noticias\/#\/schema\/person\/6558b0cfedee7ddc5425602b237d5722"},"headline":"Rese\u00f1a del CD: Cyrille Aim\u00e9e, \u00c0 Fleur de Peau","datePublished":"2024-08-26T14:29:07+00:00","dateModified":"2024-09-08T19:27:50+00:00","mainEntityOfPage":{"@id":"https:\/\/web.consaguirre.com.ar\/noticias\/resena-del-cd-cyrille-aimee-a-fleur-de-peau\/"},"wordCount":1658,"publisher":{"@id":"https:\/\/web.consaguirre.com.ar\/noticias\/#organization"},"image":{"@id":"https:\/\/web.consaguirre.com.ar\/noticias\/resena-del-cd-cyrille-aimee-a-fleur-de-peau\/#primaryimage"},"thumbnailUrl":"https:\/\/web.consaguirre.com.ar\/noticias\/wp-content\/uploads\/2024\/08\/Resena-del-CD-Cyrille-Aimee-A-Fleur-de-Peau.jpg","keywords":["Aim\u00e9e","Cyrille","del","Fleur","Peau","Rese\u00f1a"],"articleSection":["Cr\u00edtica"],"inLanguage":"es-AR"},{"@type":"WebPage","@id":"https:\/\/web.consaguirre.com.ar\/noticias\/resena-del-cd-cyrille-aimee-a-fleur-de-peau\/","url":"https:\/\/web.consaguirre.com.ar\/noticias\/resena-del-cd-cyrille-aimee-a-fleur-de-peau\/","name":"Rese\u00f1a del CD: Cyrille Aim\u00e9e, \u00c0 Fleur de Peau","isPartOf":{"@id":"https:\/\/web.consaguirre.com.ar\/noticias\/#website"},"primaryImageOfPage":{"@id":"https:\/\/web.consaguirre.com.ar\/noticias\/resena-del-cd-cyrille-aimee-a-fleur-de-peau\/#primaryimage"},"image":{"@id":"https:\/\/web.consaguirre.com.ar\/noticias\/resena-del-cd-cyrille-aimee-a-fleur-de-peau\/#primaryimage"},"thumbnailUrl":"https:\/\/web.consaguirre.com.ar\/noticias\/wp-content\/uploads\/2024\/08\/Resena-del-CD-Cyrille-Aimee-A-Fleur-de-Peau.jpg","datePublished":"2024-08-26T14:29:07+00:00","dateModified":"2024-09-08T19:27:50+00:00","breadcrumb":{"@id":"https:\/\/web.consaguirre.com.ar\/noticias\/resena-del-cd-cyrille-aimee-a-fleur-de-peau\/#breadcrumb"},"inLanguage":"es-AR","potentialAction":[{"@type":"ReadAction","target":["https:\/\/web.consaguirre.com.ar\/noticias\/resena-del-cd-cyrille-aimee-a-fleur-de-peau\/"]}]},{"@type":"ImageObject","inLanguage":"es-AR","@id":"https:\/\/web.consaguirre.com.ar\/noticias\/resena-del-cd-cyrille-aimee-a-fleur-de-peau\/#primaryimage","url":"https:\/\/web.consaguirre.com.ar\/noticias\/wp-content\/uploads\/2024\/08\/Resena-del-CD-Cyrille-Aimee-A-Fleur-de-Peau.jpg","contentUrl":"https:\/\/web.consaguirre.com.ar\/noticias\/wp-content\/uploads\/2024\/08\/Resena-del-CD-Cyrille-Aimee-A-Fleur-de-Peau.jpg","width":300,"height":300,"caption":"Rese\u00f1a del CD: Cyrille Aim\u00e9e, \u00c0 Fleur de Peau"},{"@type":"BreadcrumbList","@id":"https:\/\/web.consaguirre.com.ar\/noticias\/resena-del-cd-cyrille-aimee-a-fleur-de-peau\/#breadcrumb","itemListElement":[{"@type":"ListItem","position":1,"name":"Inicio","item":"https:\/\/web.consaguirre.com.ar\/noticias\/"},{"@type":"ListItem","position":2,"name":"Rese\u00f1a del CD: Cyrille Aim\u00e9e, \u00c0 Fleur de Peau"}]},{"@type":"WebSite","@id":"https:\/\/web.consaguirre.com.ar\/noticias\/#website","url":"https:\/\/web.consaguirre.com.ar\/noticias\/","name":"Conservatorio de M\u00fasica Juli\u00e1n Aguirre","description":"","publisher":{"@id":"https:\/\/web.consaguirre.com.ar\/noticias\/#organization"},"potentialAction":[{"@type":"SearchAction","target":{"@type":"EntryPoint","urlTemplate":"https:\/\/web.consaguirre.com.ar\/noticias\/?s={search_term_string}"},"query-input":"required name=search_term_string"}],"inLanguage":"es-AR"},{"@type":"Organization","@id":"https:\/\/web.consaguirre.com.ar\/noticias\/#organization","name":"Conservatorio de M\u00fasica Juli\u00e1n Aguirre","url":"https:\/\/web.consaguirre.com.ar\/noticias\/","logo":{"@type":"ImageObject","inLanguage":"es-AR","@id":"https:\/\/web.consaguirre.com.ar\/noticias\/#\/schema\/logo\/image\/","url":"https:\/\/web.consaguirre.com.ar\/noticias\/wp-content\/uploads\/2024\/08\/Banner-Aguirre-23.jpg","contentUrl":"https:\/\/web.consaguirre.com.ar\/noticias\/wp-content\/uploads\/2024\/08\/Banner-Aguirre-23.jpg","width":1192,"height":600,"caption":"Conservatorio de M\u00fasica Juli\u00e1n Aguirre"},"image":{"@id":"https:\/\/web.consaguirre.com.ar\/noticias\/#\/schema\/logo\/image\/"}},{"@type":"Person","@id":"https:\/\/web.consaguirre.com.ar\/noticias\/#\/schema\/person\/6558b0cfedee7ddc5425602b237d5722","name":"Javier Figueroa","image":{"@type":"ImageObject","inLanguage":"es-AR","@id":"https:\/\/web.consaguirre.com.ar\/noticias\/#\/schema\/person\/image\/","url":"https:\/\/web.consaguirre.com.ar\/noticias\/wp-content\/uploads\/2024\/08\/Consaguirre-scaled.jpg","contentUrl":"https:\/\/web.consaguirre.com.ar\/noticias\/wp-content\/uploads\/2024\/08\/Consaguirre-scaled.jpg","caption":"Javier Figueroa"},"description":"Me llamo Javier Figueroa y soy redactor para el sitio oficial del Conservatorio de M\u00fasica Juli\u00e1n Aguirre en Buenos Aires, consaguirre.com. Apasionado por la m\u00fasica y la escritura, me esfuerzo por destacar los talentos y eventos de nuestra prestigiosa instituci\u00f3n. Mi trayectoria se nutre de una profunda admiraci\u00f3n por los artistas, haciendo de cada art\u00edculo una celebraci\u00f3n de la creatividad y la cultura musical.","sameAs":["https:\/\/web.consaguirre.com.ar\/noticias"]}]}},"_links":{"self":[{"href":"https:\/\/web.consaguirre.com.ar\/noticias\/wp-json\/wp\/v2\/posts\/105"}],"collection":[{"href":"https:\/\/web.consaguirre.com.ar\/noticias\/wp-json\/wp\/v2\/posts"}],"about":[{"href":"https:\/\/web.consaguirre.com.ar\/noticias\/wp-json\/wp\/v2\/types\/post"}],"author":[{"embeddable":true,"href":"https:\/\/web.consaguirre.com.ar\/noticias\/wp-json\/wp\/v2\/users\/1"}],"replies":[{"embeddable":true,"href":"https:\/\/web.consaguirre.com.ar\/noticias\/wp-json\/wp\/v2\/comments?post=105"}],"version-history":[{"count":1,"href":"https:\/\/web.consaguirre.com.ar\/noticias\/wp-json\/wp\/v2\/posts\/105\/revisions"}],"predecessor-version":[{"id":106,"href":"https:\/\/web.consaguirre.com.ar\/noticias\/wp-json\/wp\/v2\/posts\/105\/revisions\/106"}],"wp:featuredmedia":[{"embeddable":true,"href":"https:\/\/web.consaguirre.com.ar\/noticias\/wp-json\/wp\/v2\/media\/94"}],"wp:attachment":[{"href":"https:\/\/web.consaguirre.com.ar\/noticias\/wp-json\/wp\/v2\/media?parent=105"}],"wp:term":[{"taxonomy":"category","embeddable":true,"href":"https:\/\/web.consaguirre.com.ar\/noticias\/wp-json\/wp\/v2\/categories?post=105"},{"taxonomy":"post_tag","embeddable":true,"href":"https:\/\/web.consaguirre.com.ar\/noticias\/wp-json\/wp\/v2\/tags?post=105"}],"curies":[{"name":"wp","href":"https:\/\/api.w.org\/{rel}","templated":true}]}}