{"id":1043,"date":"2024-11-06T20:49:09","date_gmt":"2024-11-06T23:49:09","guid":{"rendered":"https:\/\/web.consaguirre.com.ar\/noticias\/the-verve-anuncia-la-edicion-en-vinilo-de-this-is-music-the-singles\/"},"modified":"2024-11-06T20:49:11","modified_gmt":"2024-11-06T23:49:11","slug":"the-verve-anuncia-la-edicion-en-vinilo-de-this-is-music-the-singles","status":"publish","type":"post","link":"https:\/\/web.consaguirre.com.ar\/noticias\/the-verve-anuncia-la-edicion-en-vinilo-de-this-is-music-the-singles\/","title":{"rendered":"The Verve anuncia la edici\u00f3n en vinilo de &#8216;This Is Music: The Singles&#8217;"},"content":{"rendered":"<p><strong>El br\u00edo<\/strong> est\u00e1n listos para celebrar el 20 aniversario de su colecci\u00f3n fundamental de grandes \u00e9xitos, <em>Esto es m\u00fasica: los solteros<\/em>con un prensado en vinilo del proyecto.<\/p>\n<p><strong>Pide la edici\u00f3n en vinilo de <em>Esto es m\u00fasica: los solteros<\/em>.<\/strong><\/p>\n<p>Publicado en vinilo por primera vez, <em>Esto es m\u00fasica: los solteros<\/em>es un \u00e1lbum recopilatorio LP doble de The Verve, que est\u00e1 formado por Richard Ashcroft (voz), Pete Salisbury (bater\u00eda), Simon Jones (bajo) y Nick McCabe (guitarra).<\/p>\n<p>Las ediciones en vinilo negro y azul claro\/rojo se lanzar\u00e1n el 24 de enero y se podr\u00e1n comprar junto con una nueva gama de productos de la banda en la tienda en l\u00ednea oficial The Verve recientemente lanzada.<\/p>\n<p>La compilaci\u00f3n se lanz\u00f3 inicialmente en CD s\u00f3lo en noviembre de 2004 y, para su vig\u00e9simo aniversario, se actualiz\u00f3 con una nueva lista de canciones.<\/p>\n<p>Los dos temas extra\u00eddos de las sesiones de su tercer \u00e1lbum, <strong><em>Himnos urbanos<\/em><\/strong>&#8220;This Could Be My Moment&#8221; y &#8220;Monte Carlo&#8221; han sido reemplazados por sencillos del \u00e1lbum de reuni\u00f3n de 2008 de la banda, <em>Adelante<\/em>. Estas nuevas pistas son \u201cLove is Noise\u201d y \u201cRather Be\u201d.<\/p>\n<p>Adem\u00e1s, su segundo sencillo, &#8220;She&#8217;s A Superstar&#8221;, de 1992, se incluye en su formato original completo de ocho minutos y medio (en lugar de la edici\u00f3n de cinco minutos que aparec\u00eda en la primera edici\u00f3n de esta compilaci\u00f3n). Como tal, el \u00e1lbum ahora representa la historia completa de los sencillos de The Verve.<\/p>\n<p>La edici\u00f3n en vinilo de <em>Esto es musica<\/em> Documenta exhaustivamente la potencia del viaje hist\u00f3rico de The Verve a trav\u00e9s de la historia de la m\u00fasica rock. Sus primeros 45 \u2013 \u201cAll In The Mind\u201d, \u201cShe&#8217;s A Superstar\u201d, \u201cGravity Grave\u201d, \u201cBlue\u201d y \u201cSlide Away\u201d \u2013 encabezaron las listas independientes del Reino Unido e hicieron de la banda de Wigan, Lancashire, una de las m\u00e1s emocionantes. grupo en el Reino Unido.<\/p>\n<p>1995 <em>Un alma del norte<\/em> El \u00e1lbum vio a la banda desarrollar su sonido a\u00fan m\u00e1s y gener\u00f3 tres sencillos verdaderamente memorables: &#8220;This Is Music&#8221;, &#8220;On Your Own&#8221; y el muy querido &#8220;History&#8221;, la primera colaboraci\u00f3n del grupo con el arreglista de cuerdas Wil Malone, que se public\u00f3. cuando la banda se fragment\u00f3 por primera vez.<\/p>\n<p>Se volvieron a reunir (con la incorporaci\u00f3n del guitarrista y teclista Simon Tong) para alcanzar su pico comercial en 1997 con el enormemente exitoso <em>Himnos urbanos<\/em>que se centr\u00f3 en un conjunto brillantemente logrado de himnos escritos por Ashcroft, incluido el \u00e9xito mundial \u201cBitter Sweet Symphony\u201d.<\/p>\n<p><strong>Pide la edici\u00f3n en vinilo de <em>Esto es m\u00fasica: los solteros<\/em>.<\/strong><\/p>\n","protected":false},"excerpt":{"rendered":"<p>El br\u00edo est\u00e1n listos para celebrar el 20 aniversario de su colecci\u00f3n fundamental de grandes \u00e9xitos, Esto es m\u00fasica: los solteroscon un prensado en vinilo<\/p>\n","protected":false},"author":1,"featured_media":1044,"comment_status":"closed","ping_status":"","sticky":false,"template":"","format":"standard","meta":{"footnotes":""},"categories":[50],"tags":[56,160,439,504,1182,87],"class_list":["post-1043","post","type-post","status-publish","format-standard","has-post-thumbnail","hentry","category-el-ultimo","tag-anuncia","tag-edicion","tag-music","tag-singles","tag-verve","tag-vinilo","generate-columns","tablet-grid-50","mobile-grid-100","grid-parent","grid-50"],"yoast_head":"<!-- This site is optimized with the Yoast SEO plugin v23.3 - https:\/\/yoast.com\/wordpress\/plugins\/seo\/ -->\n<title>The Verve anuncia la edici\u00f3n en vinilo de &#039;This Is Music: The Singles&#039;<\/title>\n<meta name=\"robots\" content=\"index, follow, max-snippet:-1, max-image-preview:large, max-video-preview:-1\" \/>\n<link rel=\"canonical\" href=\"https:\/\/web.consaguirre.com.ar\/noticias\/the-verve-anuncia-la-edicion-en-vinilo-de-this-is-music-the-singles\/\" \/>\n<meta property=\"og:locale\" content=\"es_ES\" \/>\n<meta property=\"og:type\" content=\"article\" \/>\n<meta property=\"og:title\" content=\"The Verve anuncia la edici\u00f3n en vinilo de &#039;This Is Music: The Singles&#039;\" \/>\n<meta property=\"og:description\" content=\"El br\u00edo est\u00e1n listos para celebrar el 20 aniversario de su colecci\u00f3n fundamental de grandes \u00e9xitos, Esto es m\u00fasica: los solteroscon un prensado en vinilo\" \/>\n<meta property=\"og:url\" content=\"https:\/\/web.consaguirre.com.ar\/noticias\/the-verve-anuncia-la-edicion-en-vinilo-de-this-is-music-the-singles\/\" \/>\n<meta property=\"og:site_name\" content=\"Conservatorio de M\u00fasica Juli\u00e1n Aguirre\" \/>\n<meta property=\"article:published_time\" content=\"2024-11-06T23:49:09+00:00\" \/>\n<meta property=\"article:modified_time\" content=\"2024-11-06T23:49:11+00:00\" \/>\n<meta property=\"og:image\" content=\"https:\/\/web.consaguirre.com.ar\/noticias\/wp-content\/uploads\/2024\/11\/The-Verve-anuncia-la-edicion-en-vinilo-de-This-Is.jpg\" \/>\n\t<meta property=\"og:image:width\" content=\"1440\" \/>\n\t<meta property=\"og:image:height\" content=\"864\" \/>\n\t<meta property=\"og:image:type\" content=\"image\/jpeg\" \/>\n<meta name=\"author\" content=\"Javier Figueroa\" \/>\n<meta name=\"twitter:card\" content=\"summary_large_image\" \/>\n<meta name=\"twitter:label1\" content=\"Escrito por\" \/>\n\t<meta name=\"twitter:data1\" content=\"Javier Figueroa\" \/>\n\t<meta name=\"twitter:label2\" content=\"Tiempo de lectura\" \/>\n\t<meta name=\"twitter:data2\" content=\"2 minutos\" \/>\n<script type=\"application\/ld+json\" class=\"yoast-schema-graph\">{\"@context\":\"https:\/\/schema.org\",\"@graph\":[{\"@type\":\"Article\",\"@id\":\"https:\/\/web.consaguirre.com.ar\/noticias\/the-verve-anuncia-la-edicion-en-vinilo-de-this-is-music-the-singles\/#article\",\"isPartOf\":{\"@id\":\"https:\/\/web.consaguirre.com.ar\/noticias\/the-verve-anuncia-la-edicion-en-vinilo-de-this-is-music-the-singles\/\"},\"author\":{\"name\":\"Javier Figueroa\",\"@id\":\"https:\/\/web.consaguirre.com.ar\/noticias\/#\/schema\/person\/6558b0cfedee7ddc5425602b237d5722\"},\"headline\":\"The Verve anuncia la edici\u00f3n en vinilo de &#8216;This Is Music: The Singles&#8217;\",\"datePublished\":\"2024-11-06T23:49:09+00:00\",\"dateModified\":\"2024-11-06T23:49:11+00:00\",\"mainEntityOfPage\":{\"@id\":\"https:\/\/web.consaguirre.com.ar\/noticias\/the-verve-anuncia-la-edicion-en-vinilo-de-this-is-music-the-singles\/\"},\"wordCount\":457,\"publisher\":{\"@id\":\"https:\/\/web.consaguirre.com.ar\/noticias\/#organization\"},\"image\":{\"@id\":\"https:\/\/web.consaguirre.com.ar\/noticias\/the-verve-anuncia-la-edicion-en-vinilo-de-this-is-music-the-singles\/#primaryimage\"},\"thumbnailUrl\":\"https:\/\/web.consaguirre.com.ar\/noticias\/wp-content\/uploads\/2024\/11\/The-Verve-anuncia-la-edicion-en-vinilo-de-This-Is.jpg\",\"keywords\":[\"anuncia\",\"edici\u00f3n\",\"Music\",\"Singles\",\"Verve\",\"vinilo\"],\"articleSection\":[\"El \u00faltimo\"],\"inLanguage\":\"es-AR\"},{\"@type\":\"WebPage\",\"@id\":\"https:\/\/web.consaguirre.com.ar\/noticias\/the-verve-anuncia-la-edicion-en-vinilo-de-this-is-music-the-singles\/\",\"url\":\"https:\/\/web.consaguirre.com.ar\/noticias\/the-verve-anuncia-la-edicion-en-vinilo-de-this-is-music-the-singles\/\",\"name\":\"The Verve anuncia la edici\u00f3n en vinilo de 'This Is Music: The Singles'\",\"isPartOf\":{\"@id\":\"https:\/\/web.consaguirre.com.ar\/noticias\/#website\"},\"primaryImageOfPage\":{\"@id\":\"https:\/\/web.consaguirre.com.ar\/noticias\/the-verve-anuncia-la-edicion-en-vinilo-de-this-is-music-the-singles\/#primaryimage\"},\"image\":{\"@id\":\"https:\/\/web.consaguirre.com.ar\/noticias\/the-verve-anuncia-la-edicion-en-vinilo-de-this-is-music-the-singles\/#primaryimage\"},\"thumbnailUrl\":\"https:\/\/web.consaguirre.com.ar\/noticias\/wp-content\/uploads\/2024\/11\/The-Verve-anuncia-la-edicion-en-vinilo-de-This-Is.jpg\",\"datePublished\":\"2024-11-06T23:49:09+00:00\",\"dateModified\":\"2024-11-06T23:49:11+00:00\",\"breadcrumb\":{\"@id\":\"https:\/\/web.consaguirre.com.ar\/noticias\/the-verve-anuncia-la-edicion-en-vinilo-de-this-is-music-the-singles\/#breadcrumb\"},\"inLanguage\":\"es-AR\",\"potentialAction\":[{\"@type\":\"ReadAction\",\"target\":[\"https:\/\/web.consaguirre.com.ar\/noticias\/the-verve-anuncia-la-edicion-en-vinilo-de-this-is-music-the-singles\/\"]}]},{\"@type\":\"ImageObject\",\"inLanguage\":\"es-AR\",\"@id\":\"https:\/\/web.consaguirre.com.ar\/noticias\/the-verve-anuncia-la-edicion-en-vinilo-de-this-is-music-the-singles\/#primaryimage\",\"url\":\"https:\/\/web.consaguirre.com.ar\/noticias\/wp-content\/uploads\/2024\/11\/The-Verve-anuncia-la-edicion-en-vinilo-de-This-Is.jpg\",\"contentUrl\":\"https:\/\/web.consaguirre.com.ar\/noticias\/wp-content\/uploads\/2024\/11\/The-Verve-anuncia-la-edicion-en-vinilo-de-This-Is.jpg\",\"width\":1440,\"height\":864,\"caption\":\"The Verve - Photo: Simone Joyner\/Getty Images\"},{\"@type\":\"BreadcrumbList\",\"@id\":\"https:\/\/web.consaguirre.com.ar\/noticias\/the-verve-anuncia-la-edicion-en-vinilo-de-this-is-music-the-singles\/#breadcrumb\",\"itemListElement\":[{\"@type\":\"ListItem\",\"position\":1,\"name\":\"Inicio\",\"item\":\"https:\/\/web.consaguirre.com.ar\/noticias\/\"},{\"@type\":\"ListItem\",\"position\":2,\"name\":\"The Verve anuncia la edici\u00f3n en vinilo de &#8216;This Is Music: The Singles&#8217;\"}]},{\"@type\":\"WebSite\",\"@id\":\"https:\/\/web.consaguirre.com.ar\/noticias\/#website\",\"url\":\"https:\/\/web.consaguirre.com.ar\/noticias\/\",\"name\":\"Conservatorio de M\u00fasica Juli\u00e1n Aguirre\",\"description\":\"\",\"publisher\":{\"@id\":\"https:\/\/web.consaguirre.com.ar\/noticias\/#organization\"},\"potentialAction\":[{\"@type\":\"SearchAction\",\"target\":{\"@type\":\"EntryPoint\",\"urlTemplate\":\"https:\/\/web.consaguirre.com.ar\/noticias\/?s={search_term_string}\"},\"query-input\":\"required name=search_term_string\"}],\"inLanguage\":\"es-AR\"},{\"@type\":\"Organization\",\"@id\":\"https:\/\/web.consaguirre.com.ar\/noticias\/#organization\",\"name\":\"Conservatorio de M\u00fasica Juli\u00e1n Aguirre\",\"url\":\"https:\/\/web.consaguirre.com.ar\/noticias\/\",\"logo\":{\"@type\":\"ImageObject\",\"inLanguage\":\"es-AR\",\"@id\":\"https:\/\/web.consaguirre.com.ar\/noticias\/#\/schema\/logo\/image\/\",\"url\":\"https:\/\/web.consaguirre.com.ar\/noticias\/wp-content\/uploads\/2024\/08\/Banner-Aguirre-23.jpg\",\"contentUrl\":\"https:\/\/web.consaguirre.com.ar\/noticias\/wp-content\/uploads\/2024\/08\/Banner-Aguirre-23.jpg\",\"width\":1192,\"height\":600,\"caption\":\"Conservatorio de M\u00fasica Juli\u00e1n Aguirre\"},\"image\":{\"@id\":\"https:\/\/web.consaguirre.com.ar\/noticias\/#\/schema\/logo\/image\/\"}},{\"@type\":\"Person\",\"@id\":\"https:\/\/web.consaguirre.com.ar\/noticias\/#\/schema\/person\/6558b0cfedee7ddc5425602b237d5722\",\"name\":\"Javier Figueroa\",\"image\":{\"@type\":\"ImageObject\",\"inLanguage\":\"es-AR\",\"@id\":\"https:\/\/web.consaguirre.com.ar\/noticias\/#\/schema\/person\/image\/\",\"url\":\"https:\/\/web.consaguirre.com.ar\/noticias\/wp-content\/uploads\/2024\/08\/Consaguirre-scaled.jpg\",\"contentUrl\":\"https:\/\/web.consaguirre.com.ar\/noticias\/wp-content\/uploads\/2024\/08\/Consaguirre-scaled.jpg\",\"caption\":\"Javier Figueroa\"},\"description\":\"Me llamo Javier Figueroa y soy redactor para el sitio oficial del Conservatorio de M\u00fasica Juli\u00e1n Aguirre en Buenos Aires, consaguirre.com. Apasionado por la m\u00fasica y la escritura, me esfuerzo por destacar los talentos y eventos de nuestra prestigiosa instituci\u00f3n. Mi trayectoria se nutre de una profunda admiraci\u00f3n por los artistas, haciendo de cada art\u00edculo una celebraci\u00f3n de la creatividad y la cultura musical.\",\"sameAs\":[\"https:\/\/web.consaguirre.com.ar\/noticias\"]}]}<\/script>\n<!-- \/ Yoast SEO plugin. -->","yoast_head_json":{"title":"The Verve anuncia la edici\u00f3n en vinilo de 'This Is Music: The Singles'","robots":{"index":"index","follow":"follow","max-snippet":"max-snippet:-1","max-image-preview":"max-image-preview:large","max-video-preview":"max-video-preview:-1"},"canonical":"https:\/\/web.consaguirre.com.ar\/noticias\/the-verve-anuncia-la-edicion-en-vinilo-de-this-is-music-the-singles\/","og_locale":"es_ES","og_type":"article","og_title":"The Verve anuncia la edici\u00f3n en vinilo de 'This Is Music: The Singles'","og_description":"El br\u00edo est\u00e1n listos para celebrar el 20 aniversario de su colecci\u00f3n fundamental de grandes \u00e9xitos, Esto es m\u00fasica: los solteroscon un prensado en vinilo","og_url":"https:\/\/web.consaguirre.com.ar\/noticias\/the-verve-anuncia-la-edicion-en-vinilo-de-this-is-music-the-singles\/","og_site_name":"Conservatorio de M\u00fasica Juli\u00e1n Aguirre","article_published_time":"2024-11-06T23:49:09+00:00","article_modified_time":"2024-11-06T23:49:11+00:00","og_image":[{"width":1440,"height":864,"url":"https:\/\/web.consaguirre.com.ar\/noticias\/wp-content\/uploads\/2024\/11\/The-Verve-anuncia-la-edicion-en-vinilo-de-This-Is.jpg","type":"image\/jpeg"}],"author":"Javier Figueroa","twitter_card":"summary_large_image","twitter_misc":{"Escrito por":"Javier Figueroa","Tiempo de lectura":"2 minutos"},"schema":{"@context":"https:\/\/schema.org","@graph":[{"@type":"Article","@id":"https:\/\/web.consaguirre.com.ar\/noticias\/the-verve-anuncia-la-edicion-en-vinilo-de-this-is-music-the-singles\/#article","isPartOf":{"@id":"https:\/\/web.consaguirre.com.ar\/noticias\/the-verve-anuncia-la-edicion-en-vinilo-de-this-is-music-the-singles\/"},"author":{"name":"Javier Figueroa","@id":"https:\/\/web.consaguirre.com.ar\/noticias\/#\/schema\/person\/6558b0cfedee7ddc5425602b237d5722"},"headline":"The Verve anuncia la edici\u00f3n en vinilo de &#8216;This Is Music: The Singles&#8217;","datePublished":"2024-11-06T23:49:09+00:00","dateModified":"2024-11-06T23:49:11+00:00","mainEntityOfPage":{"@id":"https:\/\/web.consaguirre.com.ar\/noticias\/the-verve-anuncia-la-edicion-en-vinilo-de-this-is-music-the-singles\/"},"wordCount":457,"publisher":{"@id":"https:\/\/web.consaguirre.com.ar\/noticias\/#organization"},"image":{"@id":"https:\/\/web.consaguirre.com.ar\/noticias\/the-verve-anuncia-la-edicion-en-vinilo-de-this-is-music-the-singles\/#primaryimage"},"thumbnailUrl":"https:\/\/web.consaguirre.com.ar\/noticias\/wp-content\/uploads\/2024\/11\/The-Verve-anuncia-la-edicion-en-vinilo-de-This-Is.jpg","keywords":["anuncia","edici\u00f3n","Music","Singles","Verve","vinilo"],"articleSection":["El \u00faltimo"],"inLanguage":"es-AR"},{"@type":"WebPage","@id":"https:\/\/web.consaguirre.com.ar\/noticias\/the-verve-anuncia-la-edicion-en-vinilo-de-this-is-music-the-singles\/","url":"https:\/\/web.consaguirre.com.ar\/noticias\/the-verve-anuncia-la-edicion-en-vinilo-de-this-is-music-the-singles\/","name":"The Verve anuncia la edici\u00f3n en vinilo de 'This Is Music: The Singles'","isPartOf":{"@id":"https:\/\/web.consaguirre.com.ar\/noticias\/#website"},"primaryImageOfPage":{"@id":"https:\/\/web.consaguirre.com.ar\/noticias\/the-verve-anuncia-la-edicion-en-vinilo-de-this-is-music-the-singles\/#primaryimage"},"image":{"@id":"https:\/\/web.consaguirre.com.ar\/noticias\/the-verve-anuncia-la-edicion-en-vinilo-de-this-is-music-the-singles\/#primaryimage"},"thumbnailUrl":"https:\/\/web.consaguirre.com.ar\/noticias\/wp-content\/uploads\/2024\/11\/The-Verve-anuncia-la-edicion-en-vinilo-de-This-Is.jpg","datePublished":"2024-11-06T23:49:09+00:00","dateModified":"2024-11-06T23:49:11+00:00","breadcrumb":{"@id":"https:\/\/web.consaguirre.com.ar\/noticias\/the-verve-anuncia-la-edicion-en-vinilo-de-this-is-music-the-singles\/#breadcrumb"},"inLanguage":"es-AR","potentialAction":[{"@type":"ReadAction","target":["https:\/\/web.consaguirre.com.ar\/noticias\/the-verve-anuncia-la-edicion-en-vinilo-de-this-is-music-the-singles\/"]}]},{"@type":"ImageObject","inLanguage":"es-AR","@id":"https:\/\/web.consaguirre.com.ar\/noticias\/the-verve-anuncia-la-edicion-en-vinilo-de-this-is-music-the-singles\/#primaryimage","url":"https:\/\/web.consaguirre.com.ar\/noticias\/wp-content\/uploads\/2024\/11\/The-Verve-anuncia-la-edicion-en-vinilo-de-This-Is.jpg","contentUrl":"https:\/\/web.consaguirre.com.ar\/noticias\/wp-content\/uploads\/2024\/11\/The-Verve-anuncia-la-edicion-en-vinilo-de-This-Is.jpg","width":1440,"height":864,"caption":"The Verve - Photo: Simone Joyner\/Getty Images"},{"@type":"BreadcrumbList","@id":"https:\/\/web.consaguirre.com.ar\/noticias\/the-verve-anuncia-la-edicion-en-vinilo-de-this-is-music-the-singles\/#breadcrumb","itemListElement":[{"@type":"ListItem","position":1,"name":"Inicio","item":"https:\/\/web.consaguirre.com.ar\/noticias\/"},{"@type":"ListItem","position":2,"name":"The Verve anuncia la edici\u00f3n en vinilo de &#8216;This Is Music: The Singles&#8217;"}]},{"@type":"WebSite","@id":"https:\/\/web.consaguirre.com.ar\/noticias\/#website","url":"https:\/\/web.consaguirre.com.ar\/noticias\/","name":"Conservatorio de M\u00fasica Juli\u00e1n Aguirre","description":"","publisher":{"@id":"https:\/\/web.consaguirre.com.ar\/noticias\/#organization"},"potentialAction":[{"@type":"SearchAction","target":{"@type":"EntryPoint","urlTemplate":"https:\/\/web.consaguirre.com.ar\/noticias\/?s={search_term_string}"},"query-input":"required name=search_term_string"}],"inLanguage":"es-AR"},{"@type":"Organization","@id":"https:\/\/web.consaguirre.com.ar\/noticias\/#organization","name":"Conservatorio de M\u00fasica Juli\u00e1n Aguirre","url":"https:\/\/web.consaguirre.com.ar\/noticias\/","logo":{"@type":"ImageObject","inLanguage":"es-AR","@id":"https:\/\/web.consaguirre.com.ar\/noticias\/#\/schema\/logo\/image\/","url":"https:\/\/web.consaguirre.com.ar\/noticias\/wp-content\/uploads\/2024\/08\/Banner-Aguirre-23.jpg","contentUrl":"https:\/\/web.consaguirre.com.ar\/noticias\/wp-content\/uploads\/2024\/08\/Banner-Aguirre-23.jpg","width":1192,"height":600,"caption":"Conservatorio de M\u00fasica Juli\u00e1n Aguirre"},"image":{"@id":"https:\/\/web.consaguirre.com.ar\/noticias\/#\/schema\/logo\/image\/"}},{"@type":"Person","@id":"https:\/\/web.consaguirre.com.ar\/noticias\/#\/schema\/person\/6558b0cfedee7ddc5425602b237d5722","name":"Javier Figueroa","image":{"@type":"ImageObject","inLanguage":"es-AR","@id":"https:\/\/web.consaguirre.com.ar\/noticias\/#\/schema\/person\/image\/","url":"https:\/\/web.consaguirre.com.ar\/noticias\/wp-content\/uploads\/2024\/08\/Consaguirre-scaled.jpg","contentUrl":"https:\/\/web.consaguirre.com.ar\/noticias\/wp-content\/uploads\/2024\/08\/Consaguirre-scaled.jpg","caption":"Javier Figueroa"},"description":"Me llamo Javier Figueroa y soy redactor para el sitio oficial del Conservatorio de M\u00fasica Juli\u00e1n Aguirre en Buenos Aires, consaguirre.com. Apasionado por la m\u00fasica y la escritura, me esfuerzo por destacar los talentos y eventos de nuestra prestigiosa instituci\u00f3n. Mi trayectoria se nutre de una profunda admiraci\u00f3n por los artistas, haciendo de cada art\u00edculo una celebraci\u00f3n de la creatividad y la cultura musical.","sameAs":["https:\/\/web.consaguirre.com.ar\/noticias"]}]}},"_links":{"self":[{"href":"https:\/\/web.consaguirre.com.ar\/noticias\/wp-json\/wp\/v2\/posts\/1043"}],"collection":[{"href":"https:\/\/web.consaguirre.com.ar\/noticias\/wp-json\/wp\/v2\/posts"}],"about":[{"href":"https:\/\/web.consaguirre.com.ar\/noticias\/wp-json\/wp\/v2\/types\/post"}],"author":[{"embeddable":true,"href":"https:\/\/web.consaguirre.com.ar\/noticias\/wp-json\/wp\/v2\/users\/1"}],"replies":[{"embeddable":true,"href":"https:\/\/web.consaguirre.com.ar\/noticias\/wp-json\/wp\/v2\/comments?post=1043"}],"version-history":[{"count":1,"href":"https:\/\/web.consaguirre.com.ar\/noticias\/wp-json\/wp\/v2\/posts\/1043\/revisions"}],"predecessor-version":[{"id":1045,"href":"https:\/\/web.consaguirre.com.ar\/noticias\/wp-json\/wp\/v2\/posts\/1043\/revisions\/1045"}],"wp:featuredmedia":[{"embeddable":true,"href":"https:\/\/web.consaguirre.com.ar\/noticias\/wp-json\/wp\/v2\/media\/1044"}],"wp:attachment":[{"href":"https:\/\/web.consaguirre.com.ar\/noticias\/wp-json\/wp\/v2\/media?parent=1043"}],"wp:term":[{"taxonomy":"category","embeddable":true,"href":"https:\/\/web.consaguirre.com.ar\/noticias\/wp-json\/wp\/v2\/categories?post=1043"},{"taxonomy":"post_tag","embeddable":true,"href":"https:\/\/web.consaguirre.com.ar\/noticias\/wp-json\/wp\/v2\/tags?post=1043"}],"curies":[{"name":"wp","href":"https:\/\/api.w.org\/{rel}","templated":true}]}}