{"id":1031,"date":"2024-11-05T23:38:34","date_gmt":"2024-11-06T02:38:34","guid":{"rendered":"https:\/\/web.consaguirre.com.ar\/noticias\/el-album-en-vivo-de-rare-yusuf-cat-stevens-se-lanza-por-primera-vez-en-ee-uu\/"},"modified":"2024-11-05T23:38:35","modified_gmt":"2024-11-06T02:38:35","slug":"el-album-en-vivo-de-rare-yusuf-cat-stevens-se-lanza-por-primera-vez-en-ee-uu","status":"publish","type":"post","link":"https:\/\/web.consaguirre.com.ar\/noticias\/el-album-en-vivo-de-rare-yusuf-cat-stevens-se-lanza-por-primera-vez-en-ee-uu\/","title":{"rendered":"El \u00e1lbum en vivo de Rare Yusuf \/ Cat Stevens se lanza por primera vez en EE. UU."},"content":{"rendered":"<p>Un raro \u00e1lbum en vivo de 1974 de <strong>Yusuf \/ Gato Stevens<\/strong> lanzado s\u00f3lo en Jap\u00f3n llega a Estados Unidos por primera vez para conmemorar su 50 aniversario. <em>Saturnnight: En vivo desde Tokio<\/em> saldr\u00e1 el 29 de noviembre como exclusivo del Black Friday del Record Store Day.<\/p>\n<p><em>Saturno<\/em> documenta el concierto de Stevens el 22 de junio de 1974 en el Sun Plaza Hall en Nakano, Tokio, durante la gira mundial Bamboozle apoyando su \u00e1lbum de estudio. <strong><em>Buda y la caja de chocolates<\/em><\/strong>. Su actuaci\u00f3n incluy\u00f3 varias canciones de ese disco (\u201cOh Very Young\u201d, \u201cKing of Trees\u201d y \u201cA Bad Penny\u201d, entre ellas) adem\u00e1s de una gran cantidad de sus \u00e9xitos de principios de los 70, incluidos \u201cLady D&#8217;Arbanville\u201d, \u201cWild World \u201d, \u201c\u00bfD\u00f3nde juegan los ni\u00f1os?\u201d, \u201cMujer testaruda\u201d, \u201cPadre e hijo\u201d, \u201cTren de la paz\u201d, \u201cBitterblue\u201d y \u201cSentado\u201d.<\/p>\n<p>El \u00e1lbum en vivo tambi\u00e9n incluye la primera interpretaci\u00f3n en vivo de Stevens de \u201cAnother Saturday Night\u201d de Sam Cooke. Justo antes del concierto en el Sun Plaza Hall, \u00e9l y su banda grabaron la versi\u00f3n de estudio de la versi\u00f3n en Tokio con una secci\u00f3n de metales japonesa, una grabaci\u00f3n que se convertir\u00eda en un sencillo de \u00e9xito ese mismo a\u00f1o.<\/p>\n<p>La reedici\u00f3n de RSD de <em>Saturno<\/em> ser\u00e1 un lanzamiento \u201cRSD First\u201d en vinilo de color Orange Splatter de 180 gramos, grabado en Abbey Road Studios. La portada desplegable incluye letras y nuevas notas del manager de la gira de 1974 de Stevens, Carl Miller, y el bajista Bruce Lynch.<\/p>\n<p>Ingresos del lanzamiento original de <em>Saturno<\/em> benefici\u00f3 a UNICEF. Stevens se hab\u00eda convertido en Embajador de Buena Voluntad de la organizaci\u00f3n en 1974 y estaba cada vez m\u00e1s interesado en la promoci\u00f3n y el trabajo caritativo, una pasi\u00f3n que se convertir\u00eda en su principal objetivo en a\u00f1os posteriores.<\/p>\n<p><strong>Reserva el \u00e1lbum en vivo de Yusuf \/ Cat Stevens <em>Saturno<\/em> ahora.<\/strong><\/p>\n","protected":false},"excerpt":{"rendered":"<p>Un raro \u00e1lbum en vivo de 1974 de Yusuf \/ Gato Stevens lanzado s\u00f3lo en Jap\u00f3n llega a Estados Unidos por primera vez para conmemorar<\/p>\n","protected":false},"author":1,"featured_media":1032,"comment_status":"closed","ping_status":"","sticky":false,"template":"","format":"standard","meta":{"footnotes":""},"categories":[50],"tags":[147,1178,218,96,186,1176,1179,187,59,1177],"class_list":["post-1031","post","type-post","status-publish","format-standard","has-post-thumbnail","hentry","category-el-ultimo","tag-album","tag-cat","tag-lanza","tag-por","tag-primera","tag-rare","tag-stevens","tag-vez","tag-vivo","tag-yusuf","generate-columns","tablet-grid-50","mobile-grid-100","grid-parent","grid-50"],"yoast_head":"<!-- This site is optimized with the Yoast SEO plugin v23.3 - https:\/\/yoast.com\/wordpress\/plugins\/seo\/ -->\n<title>El \u00e1lbum en vivo de Rare Yusuf \/ Cat Stevens se lanza por primera vez en EE. UU.<\/title>\n<meta name=\"robots\" content=\"index, follow, max-snippet:-1, max-image-preview:large, max-video-preview:-1\" \/>\n<link rel=\"canonical\" href=\"https:\/\/web.consaguirre.com.ar\/noticias\/el-album-en-vivo-de-rare-yusuf-cat-stevens-se-lanza-por-primera-vez-en-ee-uu\/\" \/>\n<meta property=\"og:locale\" content=\"es_ES\" \/>\n<meta property=\"og:type\" content=\"article\" \/>\n<meta property=\"og:title\" content=\"El \u00e1lbum en vivo de Rare Yusuf \/ Cat Stevens se lanza por primera vez en EE. UU.\" \/>\n<meta property=\"og:description\" content=\"Un raro \u00e1lbum en vivo de 1974 de Yusuf \/ Gato Stevens lanzado s\u00f3lo en Jap\u00f3n llega a Estados Unidos por primera vez para conmemorar\" \/>\n<meta property=\"og:url\" content=\"https:\/\/web.consaguirre.com.ar\/noticias\/el-album-en-vivo-de-rare-yusuf-cat-stevens-se-lanza-por-primera-vez-en-ee-uu\/\" \/>\n<meta property=\"og:site_name\" content=\"Conservatorio de M\u00fasica Juli\u00e1n Aguirre\" \/>\n<meta property=\"article:published_time\" content=\"2024-11-06T02:38:34+00:00\" \/>\n<meta property=\"article:modified_time\" content=\"2024-11-06T02:38:35+00:00\" \/>\n<meta property=\"og:image\" content=\"https:\/\/web.consaguirre.com.ar\/noticias\/wp-content\/uploads\/2024\/11\/El-album-en-vivo-de-Rare-Yusuf-Cat-Stevens.jpg\" \/>\n\t<meta property=\"og:image:width\" content=\"1000\" \/>\n\t<meta property=\"og:image:height\" content=\"600\" \/>\n\t<meta property=\"og:image:type\" content=\"image\/jpeg\" \/>\n<meta name=\"author\" content=\"Javier Figueroa\" \/>\n<meta name=\"twitter:card\" content=\"summary_large_image\" \/>\n<meta name=\"twitter:label1\" content=\"Escrito por\" \/>\n\t<meta name=\"twitter:data1\" content=\"Javier Figueroa\" \/>\n\t<meta name=\"twitter:label2\" content=\"Tiempo de lectura\" \/>\n\t<meta name=\"twitter:data2\" content=\"2 minutos\" \/>\n<script type=\"application\/ld+json\" class=\"yoast-schema-graph\">{\"@context\":\"https:\/\/schema.org\",\"@graph\":[{\"@type\":\"Article\",\"@id\":\"https:\/\/web.consaguirre.com.ar\/noticias\/el-album-en-vivo-de-rare-yusuf-cat-stevens-se-lanza-por-primera-vez-en-ee-uu\/#article\",\"isPartOf\":{\"@id\":\"https:\/\/web.consaguirre.com.ar\/noticias\/el-album-en-vivo-de-rare-yusuf-cat-stevens-se-lanza-por-primera-vez-en-ee-uu\/\"},\"author\":{\"name\":\"Javier Figueroa\",\"@id\":\"https:\/\/web.consaguirre.com.ar\/noticias\/#\/schema\/person\/6558b0cfedee7ddc5425602b237d5722\"},\"headline\":\"El \u00e1lbum en vivo de Rare Yusuf \/ Cat Stevens se lanza por primera vez en EE. UU.\",\"datePublished\":\"2024-11-06T02:38:34+00:00\",\"dateModified\":\"2024-11-06T02:38:35+00:00\",\"mainEntityOfPage\":{\"@id\":\"https:\/\/web.consaguirre.com.ar\/noticias\/el-album-en-vivo-de-rare-yusuf-cat-stevens-se-lanza-por-primera-vez-en-ee-uu\/\"},\"wordCount\":337,\"publisher\":{\"@id\":\"https:\/\/web.consaguirre.com.ar\/noticias\/#organization\"},\"image\":{\"@id\":\"https:\/\/web.consaguirre.com.ar\/noticias\/el-album-en-vivo-de-rare-yusuf-cat-stevens-se-lanza-por-primera-vez-en-ee-uu\/#primaryimage\"},\"thumbnailUrl\":\"https:\/\/web.consaguirre.com.ar\/noticias\/wp-content\/uploads\/2024\/11\/El-album-en-vivo-de-Rare-Yusuf-Cat-Stevens.jpg\",\"keywords\":[\"\u00e1lbum\",\"Cat\",\"lanza\",\"por\",\"primera\",\"Rare\",\"Stevens\",\"vez\",\"vivo\",\"Yusuf\"],\"articleSection\":[\"El \u00faltimo\"],\"inLanguage\":\"es-AR\"},{\"@type\":\"WebPage\",\"@id\":\"https:\/\/web.consaguirre.com.ar\/noticias\/el-album-en-vivo-de-rare-yusuf-cat-stevens-se-lanza-por-primera-vez-en-ee-uu\/\",\"url\":\"https:\/\/web.consaguirre.com.ar\/noticias\/el-album-en-vivo-de-rare-yusuf-cat-stevens-se-lanza-por-primera-vez-en-ee-uu\/\",\"name\":\"El \u00e1lbum en vivo de Rare Yusuf \/ Cat Stevens se lanza por primera vez en EE. UU.\",\"isPartOf\":{\"@id\":\"https:\/\/web.consaguirre.com.ar\/noticias\/#website\"},\"primaryImageOfPage\":{\"@id\":\"https:\/\/web.consaguirre.com.ar\/noticias\/el-album-en-vivo-de-rare-yusuf-cat-stevens-se-lanza-por-primera-vez-en-ee-uu\/#primaryimage\"},\"image\":{\"@id\":\"https:\/\/web.consaguirre.com.ar\/noticias\/el-album-en-vivo-de-rare-yusuf-cat-stevens-se-lanza-por-primera-vez-en-ee-uu\/#primaryimage\"},\"thumbnailUrl\":\"https:\/\/web.consaguirre.com.ar\/noticias\/wp-content\/uploads\/2024\/11\/El-album-en-vivo-de-Rare-Yusuf-Cat-Stevens.jpg\",\"datePublished\":\"2024-11-06T02:38:34+00:00\",\"dateModified\":\"2024-11-06T02:38:35+00:00\",\"breadcrumb\":{\"@id\":\"https:\/\/web.consaguirre.com.ar\/noticias\/el-album-en-vivo-de-rare-yusuf-cat-stevens-se-lanza-por-primera-vez-en-ee-uu\/#breadcrumb\"},\"inLanguage\":\"es-AR\",\"potentialAction\":[{\"@type\":\"ReadAction\",\"target\":[\"https:\/\/web.consaguirre.com.ar\/noticias\/el-album-en-vivo-de-rare-yusuf-cat-stevens-se-lanza-por-primera-vez-en-ee-uu\/\"]}]},{\"@type\":\"ImageObject\",\"inLanguage\":\"es-AR\",\"@id\":\"https:\/\/web.consaguirre.com.ar\/noticias\/el-album-en-vivo-de-rare-yusuf-cat-stevens-se-lanza-por-primera-vez-en-ee-uu\/#primaryimage\",\"url\":\"https:\/\/web.consaguirre.com.ar\/noticias\/wp-content\/uploads\/2024\/11\/El-album-en-vivo-de-Rare-Yusuf-Cat-Stevens.jpg\",\"contentUrl\":\"https:\/\/web.consaguirre.com.ar\/noticias\/wp-content\/uploads\/2024\/11\/El-album-en-vivo-de-Rare-Yusuf-Cat-Stevens.jpg\",\"width\":1000,\"height\":600,\"caption\":\"El \u00e1lbum en vivo de Rare Yusuf \/ Cat Stevens se lanza por primera vez en EE. UU.\"},{\"@type\":\"BreadcrumbList\",\"@id\":\"https:\/\/web.consaguirre.com.ar\/noticias\/el-album-en-vivo-de-rare-yusuf-cat-stevens-se-lanza-por-primera-vez-en-ee-uu\/#breadcrumb\",\"itemListElement\":[{\"@type\":\"ListItem\",\"position\":1,\"name\":\"Inicio\",\"item\":\"https:\/\/web.consaguirre.com.ar\/noticias\/\"},{\"@type\":\"ListItem\",\"position\":2,\"name\":\"El \u00e1lbum en vivo de Rare Yusuf \/ Cat Stevens se lanza por primera vez en EE. UU.\"}]},{\"@type\":\"WebSite\",\"@id\":\"https:\/\/web.consaguirre.com.ar\/noticias\/#website\",\"url\":\"https:\/\/web.consaguirre.com.ar\/noticias\/\",\"name\":\"Conservatorio de M\u00fasica Juli\u00e1n Aguirre\",\"description\":\"\",\"publisher\":{\"@id\":\"https:\/\/web.consaguirre.com.ar\/noticias\/#organization\"},\"potentialAction\":[{\"@type\":\"SearchAction\",\"target\":{\"@type\":\"EntryPoint\",\"urlTemplate\":\"https:\/\/web.consaguirre.com.ar\/noticias\/?s={search_term_string}\"},\"query-input\":\"required name=search_term_string\"}],\"inLanguage\":\"es-AR\"},{\"@type\":\"Organization\",\"@id\":\"https:\/\/web.consaguirre.com.ar\/noticias\/#organization\",\"name\":\"Conservatorio de M\u00fasica Juli\u00e1n Aguirre\",\"url\":\"https:\/\/web.consaguirre.com.ar\/noticias\/\",\"logo\":{\"@type\":\"ImageObject\",\"inLanguage\":\"es-AR\",\"@id\":\"https:\/\/web.consaguirre.com.ar\/noticias\/#\/schema\/logo\/image\/\",\"url\":\"https:\/\/web.consaguirre.com.ar\/noticias\/wp-content\/uploads\/2024\/08\/Banner-Aguirre-23.jpg\",\"contentUrl\":\"https:\/\/web.consaguirre.com.ar\/noticias\/wp-content\/uploads\/2024\/08\/Banner-Aguirre-23.jpg\",\"width\":1192,\"height\":600,\"caption\":\"Conservatorio de M\u00fasica Juli\u00e1n Aguirre\"},\"image\":{\"@id\":\"https:\/\/web.consaguirre.com.ar\/noticias\/#\/schema\/logo\/image\/\"}},{\"@type\":\"Person\",\"@id\":\"https:\/\/web.consaguirre.com.ar\/noticias\/#\/schema\/person\/6558b0cfedee7ddc5425602b237d5722\",\"name\":\"Javier Figueroa\",\"image\":{\"@type\":\"ImageObject\",\"inLanguage\":\"es-AR\",\"@id\":\"https:\/\/web.consaguirre.com.ar\/noticias\/#\/schema\/person\/image\/\",\"url\":\"https:\/\/web.consaguirre.com.ar\/noticias\/wp-content\/uploads\/2024\/08\/Consaguirre-scaled.jpg\",\"contentUrl\":\"https:\/\/web.consaguirre.com.ar\/noticias\/wp-content\/uploads\/2024\/08\/Consaguirre-scaled.jpg\",\"caption\":\"Javier Figueroa\"},\"description\":\"Me llamo Javier Figueroa y soy redactor para el sitio oficial del Conservatorio de M\u00fasica Juli\u00e1n Aguirre en Buenos Aires, consaguirre.com. Apasionado por la m\u00fasica y la escritura, me esfuerzo por destacar los talentos y eventos de nuestra prestigiosa instituci\u00f3n. Mi trayectoria se nutre de una profunda admiraci\u00f3n por los artistas, haciendo de cada art\u00edculo una celebraci\u00f3n de la creatividad y la cultura musical.\",\"sameAs\":[\"https:\/\/web.consaguirre.com.ar\/noticias\"]}]}<\/script>\n<!-- \/ Yoast SEO plugin. -->","yoast_head_json":{"title":"El \u00e1lbum en vivo de Rare Yusuf \/ Cat Stevens se lanza por primera vez en EE. UU.","robots":{"index":"index","follow":"follow","max-snippet":"max-snippet:-1","max-image-preview":"max-image-preview:large","max-video-preview":"max-video-preview:-1"},"canonical":"https:\/\/web.consaguirre.com.ar\/noticias\/el-album-en-vivo-de-rare-yusuf-cat-stevens-se-lanza-por-primera-vez-en-ee-uu\/","og_locale":"es_ES","og_type":"article","og_title":"El \u00e1lbum en vivo de Rare Yusuf \/ Cat Stevens se lanza por primera vez en EE. UU.","og_description":"Un raro \u00e1lbum en vivo de 1974 de Yusuf \/ Gato Stevens lanzado s\u00f3lo en Jap\u00f3n llega a Estados Unidos por primera vez para conmemorar","og_url":"https:\/\/web.consaguirre.com.ar\/noticias\/el-album-en-vivo-de-rare-yusuf-cat-stevens-se-lanza-por-primera-vez-en-ee-uu\/","og_site_name":"Conservatorio de M\u00fasica Juli\u00e1n Aguirre","article_published_time":"2024-11-06T02:38:34+00:00","article_modified_time":"2024-11-06T02:38:35+00:00","og_image":[{"width":1000,"height":600,"url":"https:\/\/web.consaguirre.com.ar\/noticias\/wp-content\/uploads\/2024\/11\/El-album-en-vivo-de-Rare-Yusuf-Cat-Stevens.jpg","type":"image\/jpeg"}],"author":"Javier Figueroa","twitter_card":"summary_large_image","twitter_misc":{"Escrito por":"Javier Figueroa","Tiempo de lectura":"2 minutos"},"schema":{"@context":"https:\/\/schema.org","@graph":[{"@type":"Article","@id":"https:\/\/web.consaguirre.com.ar\/noticias\/el-album-en-vivo-de-rare-yusuf-cat-stevens-se-lanza-por-primera-vez-en-ee-uu\/#article","isPartOf":{"@id":"https:\/\/web.consaguirre.com.ar\/noticias\/el-album-en-vivo-de-rare-yusuf-cat-stevens-se-lanza-por-primera-vez-en-ee-uu\/"},"author":{"name":"Javier Figueroa","@id":"https:\/\/web.consaguirre.com.ar\/noticias\/#\/schema\/person\/6558b0cfedee7ddc5425602b237d5722"},"headline":"El \u00e1lbum en vivo de Rare Yusuf \/ Cat Stevens se lanza por primera vez en EE. UU.","datePublished":"2024-11-06T02:38:34+00:00","dateModified":"2024-11-06T02:38:35+00:00","mainEntityOfPage":{"@id":"https:\/\/web.consaguirre.com.ar\/noticias\/el-album-en-vivo-de-rare-yusuf-cat-stevens-se-lanza-por-primera-vez-en-ee-uu\/"},"wordCount":337,"publisher":{"@id":"https:\/\/web.consaguirre.com.ar\/noticias\/#organization"},"image":{"@id":"https:\/\/web.consaguirre.com.ar\/noticias\/el-album-en-vivo-de-rare-yusuf-cat-stevens-se-lanza-por-primera-vez-en-ee-uu\/#primaryimage"},"thumbnailUrl":"https:\/\/web.consaguirre.com.ar\/noticias\/wp-content\/uploads\/2024\/11\/El-album-en-vivo-de-Rare-Yusuf-Cat-Stevens.jpg","keywords":["\u00e1lbum","Cat","lanza","por","primera","Rare","Stevens","vez","vivo","Yusuf"],"articleSection":["El \u00faltimo"],"inLanguage":"es-AR"},{"@type":"WebPage","@id":"https:\/\/web.consaguirre.com.ar\/noticias\/el-album-en-vivo-de-rare-yusuf-cat-stevens-se-lanza-por-primera-vez-en-ee-uu\/","url":"https:\/\/web.consaguirre.com.ar\/noticias\/el-album-en-vivo-de-rare-yusuf-cat-stevens-se-lanza-por-primera-vez-en-ee-uu\/","name":"El \u00e1lbum en vivo de Rare Yusuf \/ Cat Stevens se lanza por primera vez en EE. UU.","isPartOf":{"@id":"https:\/\/web.consaguirre.com.ar\/noticias\/#website"},"primaryImageOfPage":{"@id":"https:\/\/web.consaguirre.com.ar\/noticias\/el-album-en-vivo-de-rare-yusuf-cat-stevens-se-lanza-por-primera-vez-en-ee-uu\/#primaryimage"},"image":{"@id":"https:\/\/web.consaguirre.com.ar\/noticias\/el-album-en-vivo-de-rare-yusuf-cat-stevens-se-lanza-por-primera-vez-en-ee-uu\/#primaryimage"},"thumbnailUrl":"https:\/\/web.consaguirre.com.ar\/noticias\/wp-content\/uploads\/2024\/11\/El-album-en-vivo-de-Rare-Yusuf-Cat-Stevens.jpg","datePublished":"2024-11-06T02:38:34+00:00","dateModified":"2024-11-06T02:38:35+00:00","breadcrumb":{"@id":"https:\/\/web.consaguirre.com.ar\/noticias\/el-album-en-vivo-de-rare-yusuf-cat-stevens-se-lanza-por-primera-vez-en-ee-uu\/#breadcrumb"},"inLanguage":"es-AR","potentialAction":[{"@type":"ReadAction","target":["https:\/\/web.consaguirre.com.ar\/noticias\/el-album-en-vivo-de-rare-yusuf-cat-stevens-se-lanza-por-primera-vez-en-ee-uu\/"]}]},{"@type":"ImageObject","inLanguage":"es-AR","@id":"https:\/\/web.consaguirre.com.ar\/noticias\/el-album-en-vivo-de-rare-yusuf-cat-stevens-se-lanza-por-primera-vez-en-ee-uu\/#primaryimage","url":"https:\/\/web.consaguirre.com.ar\/noticias\/wp-content\/uploads\/2024\/11\/El-album-en-vivo-de-Rare-Yusuf-Cat-Stevens.jpg","contentUrl":"https:\/\/web.consaguirre.com.ar\/noticias\/wp-content\/uploads\/2024\/11\/El-album-en-vivo-de-Rare-Yusuf-Cat-Stevens.jpg","width":1000,"height":600,"caption":"El \u00e1lbum en vivo de Rare Yusuf \/ Cat Stevens se lanza por primera vez en EE. UU."},{"@type":"BreadcrumbList","@id":"https:\/\/web.consaguirre.com.ar\/noticias\/el-album-en-vivo-de-rare-yusuf-cat-stevens-se-lanza-por-primera-vez-en-ee-uu\/#breadcrumb","itemListElement":[{"@type":"ListItem","position":1,"name":"Inicio","item":"https:\/\/web.consaguirre.com.ar\/noticias\/"},{"@type":"ListItem","position":2,"name":"El \u00e1lbum en vivo de Rare Yusuf \/ Cat Stevens se lanza por primera vez en EE. UU."}]},{"@type":"WebSite","@id":"https:\/\/web.consaguirre.com.ar\/noticias\/#website","url":"https:\/\/web.consaguirre.com.ar\/noticias\/","name":"Conservatorio de M\u00fasica Juli\u00e1n Aguirre","description":"","publisher":{"@id":"https:\/\/web.consaguirre.com.ar\/noticias\/#organization"},"potentialAction":[{"@type":"SearchAction","target":{"@type":"EntryPoint","urlTemplate":"https:\/\/web.consaguirre.com.ar\/noticias\/?s={search_term_string}"},"query-input":"required name=search_term_string"}],"inLanguage":"es-AR"},{"@type":"Organization","@id":"https:\/\/web.consaguirre.com.ar\/noticias\/#organization","name":"Conservatorio de M\u00fasica Juli\u00e1n Aguirre","url":"https:\/\/web.consaguirre.com.ar\/noticias\/","logo":{"@type":"ImageObject","inLanguage":"es-AR","@id":"https:\/\/web.consaguirre.com.ar\/noticias\/#\/schema\/logo\/image\/","url":"https:\/\/web.consaguirre.com.ar\/noticias\/wp-content\/uploads\/2024\/08\/Banner-Aguirre-23.jpg","contentUrl":"https:\/\/web.consaguirre.com.ar\/noticias\/wp-content\/uploads\/2024\/08\/Banner-Aguirre-23.jpg","width":1192,"height":600,"caption":"Conservatorio de M\u00fasica Juli\u00e1n Aguirre"},"image":{"@id":"https:\/\/web.consaguirre.com.ar\/noticias\/#\/schema\/logo\/image\/"}},{"@type":"Person","@id":"https:\/\/web.consaguirre.com.ar\/noticias\/#\/schema\/person\/6558b0cfedee7ddc5425602b237d5722","name":"Javier Figueroa","image":{"@type":"ImageObject","inLanguage":"es-AR","@id":"https:\/\/web.consaguirre.com.ar\/noticias\/#\/schema\/person\/image\/","url":"https:\/\/web.consaguirre.com.ar\/noticias\/wp-content\/uploads\/2024\/08\/Consaguirre-scaled.jpg","contentUrl":"https:\/\/web.consaguirre.com.ar\/noticias\/wp-content\/uploads\/2024\/08\/Consaguirre-scaled.jpg","caption":"Javier Figueroa"},"description":"Me llamo Javier Figueroa y soy redactor para el sitio oficial del Conservatorio de M\u00fasica Juli\u00e1n Aguirre en Buenos Aires, consaguirre.com. Apasionado por la m\u00fasica y la escritura, me esfuerzo por destacar los talentos y eventos de nuestra prestigiosa instituci\u00f3n. Mi trayectoria se nutre de una profunda admiraci\u00f3n por los artistas, haciendo de cada art\u00edculo una celebraci\u00f3n de la creatividad y la cultura musical.","sameAs":["https:\/\/web.consaguirre.com.ar\/noticias"]}]}},"_links":{"self":[{"href":"https:\/\/web.consaguirre.com.ar\/noticias\/wp-json\/wp\/v2\/posts\/1031"}],"collection":[{"href":"https:\/\/web.consaguirre.com.ar\/noticias\/wp-json\/wp\/v2\/posts"}],"about":[{"href":"https:\/\/web.consaguirre.com.ar\/noticias\/wp-json\/wp\/v2\/types\/post"}],"author":[{"embeddable":true,"href":"https:\/\/web.consaguirre.com.ar\/noticias\/wp-json\/wp\/v2\/users\/1"}],"replies":[{"embeddable":true,"href":"https:\/\/web.consaguirre.com.ar\/noticias\/wp-json\/wp\/v2\/comments?post=1031"}],"version-history":[{"count":1,"href":"https:\/\/web.consaguirre.com.ar\/noticias\/wp-json\/wp\/v2\/posts\/1031\/revisions"}],"predecessor-version":[{"id":1033,"href":"https:\/\/web.consaguirre.com.ar\/noticias\/wp-json\/wp\/v2\/posts\/1031\/revisions\/1033"}],"wp:featuredmedia":[{"embeddable":true,"href":"https:\/\/web.consaguirre.com.ar\/noticias\/wp-json\/wp\/v2\/media\/1032"}],"wp:attachment":[{"href":"https:\/\/web.consaguirre.com.ar\/noticias\/wp-json\/wp\/v2\/media?parent=1031"}],"wp:term":[{"taxonomy":"category","embeddable":true,"href":"https:\/\/web.consaguirre.com.ar\/noticias\/wp-json\/wp\/v2\/categories?post=1031"},{"taxonomy":"post_tag","embeddable":true,"href":"https:\/\/web.consaguirre.com.ar\/noticias\/wp-json\/wp\/v2\/tags?post=1031"}],"curies":[{"name":"wp","href":"https:\/\/api.w.org\/{rel}","templated":true}]}}