{"id":1013,"date":"2024-11-04T14:47:58","date_gmt":"2024-11-04T17:47:58","guid":{"rendered":"https:\/\/web.consaguirre.com.ar\/noticias\/queen-revisita-la-grabacion-del-debut-de-1973-en-el-episodio-2-de-queen-the-greatest\/"},"modified":"2024-11-04T14:47:59","modified_gmt":"2024-11-04T17:47:59","slug":"queen-revisita-la-grabacion-del-debut-de-1973-en-el-episodio-2-de-queen-the-greatest","status":"publish","type":"post","link":"https:\/\/web.consaguirre.com.ar\/noticias\/queen-revisita-la-grabacion-del-debut-de-1973-en-el-episodio-2-de-queen-the-greatest\/","title":{"rendered":"Queen revisita la grabaci\u00f3n del debut de 1973 en el episodio 2 de &#8216;Queen: The Greatest&#8217;"},"content":{"rendered":"<p><strong>Reina<\/strong>Serie web de varias partes. <em>el mas grande<\/em> ha regresado con un nuevo episodio en honor al debut hom\u00f3nimo de la banda en 1973, que recientemente fue remezclado, remasterizado y ampliado. El episodio 2 ya est\u00e1 disponible en YouTube.<\/p>\n<p>El primer episodio recuerda a Queen grabando demos en De Lane Lea Studios. El episodio 2 profundiza en la grabaci\u00f3n de su debut hom\u00f3nimo. En la primavera de 1972, la banda hab\u00eda firmado un contrato de gesti\u00f3n con Trident, quien a su vez le dio acceso a la banda a sus estudios de Londres. Sin embargo, como explican Brian May y Roger Taylor, las \u00fanicas sesiones que tuvieron fueron en medio de la noche.<\/p>\n<div class=\"uD-YT-container\"><img decoding=\"async\" src=\"https:\/\/web.consaguirre.com.ar\/noticias\/wp-content\/uploads\/2024\/11\/1730742478_899_Queen-revisita-la-grabacion-del-debut-de-1973-en-el.jpg\" alt=\"V\u00eddeo de YouTube\"><br \/>Haga clic para cargar v\u00eddeo<\/div>\n<p>&#8220;Fue muy dif\u00edcil porque nunca sab\u00edamos cu\u00e1ndo \u00edbamos a regresar all\u00ed&#8221;, dice May sobre el ca\u00f3tico proceso. \u201cLas cintas se mezclaron y se perdieron, y hubo una discontinuidad. A veces ten\u00edamos que contratar a un ingeniero diferente que no se daba cuenta de lo que hab\u00edamos hecho antes. Fue realmente un desastre. Era una mezcolanza, dif\u00edcil de mantener unida. Fueron tiempos dif\u00edciles\u201d.<\/p>\n<p>La visi\u00f3n de Queen para su debut choc\u00f3 con los deseos de Trident. Aunque la banda no estaba satisfecha con el sonido del disco, finalmente se lanz\u00f3 el 13 de julio de 1973. El \u00e1lbum recibi\u00f3 una respuesta cr\u00edtica silenciosa (\u201cun tsunami de nada\u201d, seg\u00fan Taylor), pero el boca a boca y las actuaciones incansables finalmente hicieron que el disco ascendiera en la cima. gr\u00e1ficos. \u201cUna vez que lanzamos ese primer \u00e1lbum, tuvimos una audiencia que nos entendi\u00f3 y realmente nos apoy\u00f3\u201d, dice May. \u201cDe repente hay un impulso que llega desde fuera. Y eso es incre\u00edblemente \u00fatil. Eso te da la energ\u00eda que necesitas\u201d.<\/p>\n<p><strong>La versi\u00f3n reci\u00e9n remasterizada y ampliada de <em>reina yo<\/em><\/strong>  presenta el \u00e1lbum tal como debe ser escuchado y captura la energ\u00eda y la destreza creativa de la joven banda. \u201cB\u00e1sicamente\u201d, explica Taylor, \u201chemos hecho que el \u00e1lbum suene como quer\u00edamos que sonara. Usando las t\u00e9cnicas que tenemos ahora, el sonido general es mejor, las mezclas son mejores\u201d. May agrega: \u201cHa sido incre\u00edble volver a esas cintas y construirlas, reconstruirlas, para que tengan los sonidos que ten\u00edamos en nuestras cabezas en ese momento. Y estos somos nosotros cuatro. No soy s\u00f3lo yo o s\u00f3lo Roger\u201d.<\/p>\n<p><strong>Orden de la Reina <em>reina yo<\/em> ahora.<\/strong><\/p>\n","protected":false},"excerpt":{"rendered":"<p>ReinaSerie web de varias partes. el mas grande ha regresado con un nuevo episodio en honor al debut hom\u00f3nimo de la banda en 1973, que<\/p>\n","protected":false},"author":1,"featured_media":1014,"comment_status":"closed","ping_status":"","sticky":false,"template":"","format":"standard","meta":{"footnotes":""},"categories":[50],"tags":[257,10,488,1153,1014,597,1013],"class_list":["post-1013","post","type-post","status-publish","format-standard","has-post-thumbnail","hentry","category-el-ultimo","tag-debut","tag-del","tag-episodio","tag-grabacion","tag-greatest","tag-queen","tag-revisita","generate-columns","tablet-grid-50","mobile-grid-100","grid-parent","grid-50"],"yoast_head":"<!-- This site is optimized with the Yoast SEO plugin v23.3 - https:\/\/yoast.com\/wordpress\/plugins\/seo\/ -->\n<title>Queen revisita la grabaci\u00f3n del debut de 1973 en el episodio 2 de &#039;Queen: The Greatest&#039;<\/title>\n<meta name=\"robots\" content=\"index, follow, max-snippet:-1, max-image-preview:large, max-video-preview:-1\" \/>\n<link rel=\"canonical\" href=\"https:\/\/web.consaguirre.com.ar\/noticias\/queen-revisita-la-grabacion-del-debut-de-1973-en-el-episodio-2-de-queen-the-greatest\/\" \/>\n<meta property=\"og:locale\" content=\"es_ES\" \/>\n<meta property=\"og:type\" content=\"article\" \/>\n<meta property=\"og:title\" content=\"Queen revisita la grabaci\u00f3n del debut de 1973 en el episodio 2 de &#039;Queen: The Greatest&#039;\" \/>\n<meta property=\"og:description\" content=\"ReinaSerie web de varias partes. el mas grande ha regresado con un nuevo episodio en honor al debut hom\u00f3nimo de la banda en 1973, que\" \/>\n<meta property=\"og:url\" content=\"https:\/\/web.consaguirre.com.ar\/noticias\/queen-revisita-la-grabacion-del-debut-de-1973-en-el-episodio-2-de-queen-the-greatest\/\" \/>\n<meta property=\"og:site_name\" content=\"Conservatorio de M\u00fasica Juli\u00e1n Aguirre\" \/>\n<meta property=\"article:published_time\" content=\"2024-11-04T17:47:58+00:00\" \/>\n<meta property=\"article:modified_time\" content=\"2024-11-04T17:47:59+00:00\" \/>\n<meta property=\"og:image\" content=\"https:\/\/web.consaguirre.com.ar\/noticias\/wp-content\/uploads\/2024\/11\/Queen-revisita-la-grabacion-del-debut-de-1973-en-el.jpg\" \/>\n\t<meta property=\"og:image:width\" content=\"1440\" \/>\n\t<meta property=\"og:image:height\" content=\"864\" \/>\n\t<meta property=\"og:image:type\" content=\"image\/jpeg\" \/>\n<meta name=\"author\" content=\"Javier Figueroa\" \/>\n<meta name=\"twitter:card\" content=\"summary_large_image\" \/>\n<meta name=\"twitter:label1\" content=\"Escrito por\" \/>\n\t<meta name=\"twitter:data1\" content=\"Javier Figueroa\" \/>\n\t<meta name=\"twitter:label2\" content=\"Tiempo de lectura\" \/>\n\t<meta name=\"twitter:data2\" content=\"2 minutos\" \/>\n<script type=\"application\/ld+json\" class=\"yoast-schema-graph\">{\"@context\":\"https:\/\/schema.org\",\"@graph\":[{\"@type\":\"Article\",\"@id\":\"https:\/\/web.consaguirre.com.ar\/noticias\/queen-revisita-la-grabacion-del-debut-de-1973-en-el-episodio-2-de-queen-the-greatest\/#article\",\"isPartOf\":{\"@id\":\"https:\/\/web.consaguirre.com.ar\/noticias\/queen-revisita-la-grabacion-del-debut-de-1973-en-el-episodio-2-de-queen-the-greatest\/\"},\"author\":{\"name\":\"Javier Figueroa\",\"@id\":\"https:\/\/web.consaguirre.com.ar\/noticias\/#\/schema\/person\/6558b0cfedee7ddc5425602b237d5722\"},\"headline\":\"Queen revisita la grabaci\u00f3n del debut de 1973 en el episodio 2 de &#8216;Queen: The Greatest&#8217;\",\"datePublished\":\"2024-11-04T17:47:58+00:00\",\"dateModified\":\"2024-11-04T17:47:59+00:00\",\"mainEntityOfPage\":{\"@id\":\"https:\/\/web.consaguirre.com.ar\/noticias\/queen-revisita-la-grabacion-del-debut-de-1973-en-el-episodio-2-de-queen-the-greatest\/\"},\"wordCount\":425,\"publisher\":{\"@id\":\"https:\/\/web.consaguirre.com.ar\/noticias\/#organization\"},\"image\":{\"@id\":\"https:\/\/web.consaguirre.com.ar\/noticias\/queen-revisita-la-grabacion-del-debut-de-1973-en-el-episodio-2-de-queen-the-greatest\/#primaryimage\"},\"thumbnailUrl\":\"https:\/\/web.consaguirre.com.ar\/noticias\/wp-content\/uploads\/2024\/11\/Queen-revisita-la-grabacion-del-debut-de-1973-en-el.jpg\",\"keywords\":[\"debut\",\"del\",\"episodio\",\"grabaci\u00f3n\",\"Greatest\",\"Queen\",\"revisita\"],\"articleSection\":[\"El \u00faltimo\"],\"inLanguage\":\"es-AR\"},{\"@type\":\"WebPage\",\"@id\":\"https:\/\/web.consaguirre.com.ar\/noticias\/queen-revisita-la-grabacion-del-debut-de-1973-en-el-episodio-2-de-queen-the-greatest\/\",\"url\":\"https:\/\/web.consaguirre.com.ar\/noticias\/queen-revisita-la-grabacion-del-debut-de-1973-en-el-episodio-2-de-queen-the-greatest\/\",\"name\":\"Queen revisita la grabaci\u00f3n del debut de 1973 en el episodio 2 de 'Queen: The Greatest'\",\"isPartOf\":{\"@id\":\"https:\/\/web.consaguirre.com.ar\/noticias\/#website\"},\"primaryImageOfPage\":{\"@id\":\"https:\/\/web.consaguirre.com.ar\/noticias\/queen-revisita-la-grabacion-del-debut-de-1973-en-el-episodio-2-de-queen-the-greatest\/#primaryimage\"},\"image\":{\"@id\":\"https:\/\/web.consaguirre.com.ar\/noticias\/queen-revisita-la-grabacion-del-debut-de-1973-en-el-episodio-2-de-queen-the-greatest\/#primaryimage\"},\"thumbnailUrl\":\"https:\/\/web.consaguirre.com.ar\/noticias\/wp-content\/uploads\/2024\/11\/Queen-revisita-la-grabacion-del-debut-de-1973-en-el.jpg\",\"datePublished\":\"2024-11-04T17:47:58+00:00\",\"dateModified\":\"2024-11-04T17:47:59+00:00\",\"breadcrumb\":{\"@id\":\"https:\/\/web.consaguirre.com.ar\/noticias\/queen-revisita-la-grabacion-del-debut-de-1973-en-el-episodio-2-de-queen-the-greatest\/#breadcrumb\"},\"inLanguage\":\"es-AR\",\"potentialAction\":[{\"@type\":\"ReadAction\",\"target\":[\"https:\/\/web.consaguirre.com.ar\/noticias\/queen-revisita-la-grabacion-del-debut-de-1973-en-el-episodio-2-de-queen-the-greatest\/\"]}]},{\"@type\":\"ImageObject\",\"inLanguage\":\"es-AR\",\"@id\":\"https:\/\/web.consaguirre.com.ar\/noticias\/queen-revisita-la-grabacion-del-debut-de-1973-en-el-episodio-2-de-queen-the-greatest\/#primaryimage\",\"url\":\"https:\/\/web.consaguirre.com.ar\/noticias\/wp-content\/uploads\/2024\/11\/Queen-revisita-la-grabacion-del-debut-de-1973-en-el.jpg\",\"contentUrl\":\"https:\/\/web.consaguirre.com.ar\/noticias\/wp-content\/uploads\/2024\/11\/Queen-revisita-la-grabacion-del-debut-de-1973-en-el.jpg\",\"width\":1440,\"height\":864,\"caption\":\"Queen revisita la grabaci\u00f3n del debut de 1973 en el episodio 2 de 'Queen: The Greatest'\"},{\"@type\":\"BreadcrumbList\",\"@id\":\"https:\/\/web.consaguirre.com.ar\/noticias\/queen-revisita-la-grabacion-del-debut-de-1973-en-el-episodio-2-de-queen-the-greatest\/#breadcrumb\",\"itemListElement\":[{\"@type\":\"ListItem\",\"position\":1,\"name\":\"Inicio\",\"item\":\"https:\/\/web.consaguirre.com.ar\/noticias\/\"},{\"@type\":\"ListItem\",\"position\":2,\"name\":\"Queen revisita la grabaci\u00f3n del debut de 1973 en el episodio 2 de &#8216;Queen: The Greatest&#8217;\"}]},{\"@type\":\"WebSite\",\"@id\":\"https:\/\/web.consaguirre.com.ar\/noticias\/#website\",\"url\":\"https:\/\/web.consaguirre.com.ar\/noticias\/\",\"name\":\"Conservatorio de M\u00fasica Juli\u00e1n Aguirre\",\"description\":\"\",\"publisher\":{\"@id\":\"https:\/\/web.consaguirre.com.ar\/noticias\/#organization\"},\"potentialAction\":[{\"@type\":\"SearchAction\",\"target\":{\"@type\":\"EntryPoint\",\"urlTemplate\":\"https:\/\/web.consaguirre.com.ar\/noticias\/?s={search_term_string}\"},\"query-input\":\"required name=search_term_string\"}],\"inLanguage\":\"es-AR\"},{\"@type\":\"Organization\",\"@id\":\"https:\/\/web.consaguirre.com.ar\/noticias\/#organization\",\"name\":\"Conservatorio de M\u00fasica Juli\u00e1n Aguirre\",\"url\":\"https:\/\/web.consaguirre.com.ar\/noticias\/\",\"logo\":{\"@type\":\"ImageObject\",\"inLanguage\":\"es-AR\",\"@id\":\"https:\/\/web.consaguirre.com.ar\/noticias\/#\/schema\/logo\/image\/\",\"url\":\"https:\/\/web.consaguirre.com.ar\/noticias\/wp-content\/uploads\/2024\/08\/Banner-Aguirre-23.jpg\",\"contentUrl\":\"https:\/\/web.consaguirre.com.ar\/noticias\/wp-content\/uploads\/2024\/08\/Banner-Aguirre-23.jpg\",\"width\":1192,\"height\":600,\"caption\":\"Conservatorio de M\u00fasica Juli\u00e1n Aguirre\"},\"image\":{\"@id\":\"https:\/\/web.consaguirre.com.ar\/noticias\/#\/schema\/logo\/image\/\"}},{\"@type\":\"Person\",\"@id\":\"https:\/\/web.consaguirre.com.ar\/noticias\/#\/schema\/person\/6558b0cfedee7ddc5425602b237d5722\",\"name\":\"Javier Figueroa\",\"image\":{\"@type\":\"ImageObject\",\"inLanguage\":\"es-AR\",\"@id\":\"https:\/\/web.consaguirre.com.ar\/noticias\/#\/schema\/person\/image\/\",\"url\":\"https:\/\/web.consaguirre.com.ar\/noticias\/wp-content\/uploads\/2024\/08\/Consaguirre-scaled.jpg\",\"contentUrl\":\"https:\/\/web.consaguirre.com.ar\/noticias\/wp-content\/uploads\/2024\/08\/Consaguirre-scaled.jpg\",\"caption\":\"Javier Figueroa\"},\"description\":\"Me llamo Javier Figueroa y soy redactor para el sitio oficial del Conservatorio de M\u00fasica Juli\u00e1n Aguirre en Buenos Aires, consaguirre.com. Apasionado por la m\u00fasica y la escritura, me esfuerzo por destacar los talentos y eventos de nuestra prestigiosa instituci\u00f3n. Mi trayectoria se nutre de una profunda admiraci\u00f3n por los artistas, haciendo de cada art\u00edculo una celebraci\u00f3n de la creatividad y la cultura musical.\",\"sameAs\":[\"https:\/\/web.consaguirre.com.ar\/noticias\"]}]}<\/script>\n<!-- \/ Yoast SEO plugin. -->","yoast_head_json":{"title":"Queen revisita la grabaci\u00f3n del debut de 1973 en el episodio 2 de 'Queen: The Greatest'","robots":{"index":"index","follow":"follow","max-snippet":"max-snippet:-1","max-image-preview":"max-image-preview:large","max-video-preview":"max-video-preview:-1"},"canonical":"https:\/\/web.consaguirre.com.ar\/noticias\/queen-revisita-la-grabacion-del-debut-de-1973-en-el-episodio-2-de-queen-the-greatest\/","og_locale":"es_ES","og_type":"article","og_title":"Queen revisita la grabaci\u00f3n del debut de 1973 en el episodio 2 de 'Queen: The Greatest'","og_description":"ReinaSerie web de varias partes. el mas grande ha regresado con un nuevo episodio en honor al debut hom\u00f3nimo de la banda en 1973, que","og_url":"https:\/\/web.consaguirre.com.ar\/noticias\/queen-revisita-la-grabacion-del-debut-de-1973-en-el-episodio-2-de-queen-the-greatest\/","og_site_name":"Conservatorio de M\u00fasica Juli\u00e1n Aguirre","article_published_time":"2024-11-04T17:47:58+00:00","article_modified_time":"2024-11-04T17:47:59+00:00","og_image":[{"width":1440,"height":864,"url":"https:\/\/web.consaguirre.com.ar\/noticias\/wp-content\/uploads\/2024\/11\/Queen-revisita-la-grabacion-del-debut-de-1973-en-el.jpg","type":"image\/jpeg"}],"author":"Javier Figueroa","twitter_card":"summary_large_image","twitter_misc":{"Escrito por":"Javier Figueroa","Tiempo de lectura":"2 minutos"},"schema":{"@context":"https:\/\/schema.org","@graph":[{"@type":"Article","@id":"https:\/\/web.consaguirre.com.ar\/noticias\/queen-revisita-la-grabacion-del-debut-de-1973-en-el-episodio-2-de-queen-the-greatest\/#article","isPartOf":{"@id":"https:\/\/web.consaguirre.com.ar\/noticias\/queen-revisita-la-grabacion-del-debut-de-1973-en-el-episodio-2-de-queen-the-greatest\/"},"author":{"name":"Javier Figueroa","@id":"https:\/\/web.consaguirre.com.ar\/noticias\/#\/schema\/person\/6558b0cfedee7ddc5425602b237d5722"},"headline":"Queen revisita la grabaci\u00f3n del debut de 1973 en el episodio 2 de &#8216;Queen: The Greatest&#8217;","datePublished":"2024-11-04T17:47:58+00:00","dateModified":"2024-11-04T17:47:59+00:00","mainEntityOfPage":{"@id":"https:\/\/web.consaguirre.com.ar\/noticias\/queen-revisita-la-grabacion-del-debut-de-1973-en-el-episodio-2-de-queen-the-greatest\/"},"wordCount":425,"publisher":{"@id":"https:\/\/web.consaguirre.com.ar\/noticias\/#organization"},"image":{"@id":"https:\/\/web.consaguirre.com.ar\/noticias\/queen-revisita-la-grabacion-del-debut-de-1973-en-el-episodio-2-de-queen-the-greatest\/#primaryimage"},"thumbnailUrl":"https:\/\/web.consaguirre.com.ar\/noticias\/wp-content\/uploads\/2024\/11\/Queen-revisita-la-grabacion-del-debut-de-1973-en-el.jpg","keywords":["debut","del","episodio","grabaci\u00f3n","Greatest","Queen","revisita"],"articleSection":["El \u00faltimo"],"inLanguage":"es-AR"},{"@type":"WebPage","@id":"https:\/\/web.consaguirre.com.ar\/noticias\/queen-revisita-la-grabacion-del-debut-de-1973-en-el-episodio-2-de-queen-the-greatest\/","url":"https:\/\/web.consaguirre.com.ar\/noticias\/queen-revisita-la-grabacion-del-debut-de-1973-en-el-episodio-2-de-queen-the-greatest\/","name":"Queen revisita la grabaci\u00f3n del debut de 1973 en el episodio 2 de 'Queen: The Greatest'","isPartOf":{"@id":"https:\/\/web.consaguirre.com.ar\/noticias\/#website"},"primaryImageOfPage":{"@id":"https:\/\/web.consaguirre.com.ar\/noticias\/queen-revisita-la-grabacion-del-debut-de-1973-en-el-episodio-2-de-queen-the-greatest\/#primaryimage"},"image":{"@id":"https:\/\/web.consaguirre.com.ar\/noticias\/queen-revisita-la-grabacion-del-debut-de-1973-en-el-episodio-2-de-queen-the-greatest\/#primaryimage"},"thumbnailUrl":"https:\/\/web.consaguirre.com.ar\/noticias\/wp-content\/uploads\/2024\/11\/Queen-revisita-la-grabacion-del-debut-de-1973-en-el.jpg","datePublished":"2024-11-04T17:47:58+00:00","dateModified":"2024-11-04T17:47:59+00:00","breadcrumb":{"@id":"https:\/\/web.consaguirre.com.ar\/noticias\/queen-revisita-la-grabacion-del-debut-de-1973-en-el-episodio-2-de-queen-the-greatest\/#breadcrumb"},"inLanguage":"es-AR","potentialAction":[{"@type":"ReadAction","target":["https:\/\/web.consaguirre.com.ar\/noticias\/queen-revisita-la-grabacion-del-debut-de-1973-en-el-episodio-2-de-queen-the-greatest\/"]}]},{"@type":"ImageObject","inLanguage":"es-AR","@id":"https:\/\/web.consaguirre.com.ar\/noticias\/queen-revisita-la-grabacion-del-debut-de-1973-en-el-episodio-2-de-queen-the-greatest\/#primaryimage","url":"https:\/\/web.consaguirre.com.ar\/noticias\/wp-content\/uploads\/2024\/11\/Queen-revisita-la-grabacion-del-debut-de-1973-en-el.jpg","contentUrl":"https:\/\/web.consaguirre.com.ar\/noticias\/wp-content\/uploads\/2024\/11\/Queen-revisita-la-grabacion-del-debut-de-1973-en-el.jpg","width":1440,"height":864,"caption":"Queen revisita la grabaci\u00f3n del debut de 1973 en el episodio 2 de 'Queen: The Greatest'"},{"@type":"BreadcrumbList","@id":"https:\/\/web.consaguirre.com.ar\/noticias\/queen-revisita-la-grabacion-del-debut-de-1973-en-el-episodio-2-de-queen-the-greatest\/#breadcrumb","itemListElement":[{"@type":"ListItem","position":1,"name":"Inicio","item":"https:\/\/web.consaguirre.com.ar\/noticias\/"},{"@type":"ListItem","position":2,"name":"Queen revisita la grabaci\u00f3n del debut de 1973 en el episodio 2 de &#8216;Queen: The Greatest&#8217;"}]},{"@type":"WebSite","@id":"https:\/\/web.consaguirre.com.ar\/noticias\/#website","url":"https:\/\/web.consaguirre.com.ar\/noticias\/","name":"Conservatorio de M\u00fasica Juli\u00e1n Aguirre","description":"","publisher":{"@id":"https:\/\/web.consaguirre.com.ar\/noticias\/#organization"},"potentialAction":[{"@type":"SearchAction","target":{"@type":"EntryPoint","urlTemplate":"https:\/\/web.consaguirre.com.ar\/noticias\/?s={search_term_string}"},"query-input":"required name=search_term_string"}],"inLanguage":"es-AR"},{"@type":"Organization","@id":"https:\/\/web.consaguirre.com.ar\/noticias\/#organization","name":"Conservatorio de M\u00fasica Juli\u00e1n Aguirre","url":"https:\/\/web.consaguirre.com.ar\/noticias\/","logo":{"@type":"ImageObject","inLanguage":"es-AR","@id":"https:\/\/web.consaguirre.com.ar\/noticias\/#\/schema\/logo\/image\/","url":"https:\/\/web.consaguirre.com.ar\/noticias\/wp-content\/uploads\/2024\/08\/Banner-Aguirre-23.jpg","contentUrl":"https:\/\/web.consaguirre.com.ar\/noticias\/wp-content\/uploads\/2024\/08\/Banner-Aguirre-23.jpg","width":1192,"height":600,"caption":"Conservatorio de M\u00fasica Juli\u00e1n Aguirre"},"image":{"@id":"https:\/\/web.consaguirre.com.ar\/noticias\/#\/schema\/logo\/image\/"}},{"@type":"Person","@id":"https:\/\/web.consaguirre.com.ar\/noticias\/#\/schema\/person\/6558b0cfedee7ddc5425602b237d5722","name":"Javier Figueroa","image":{"@type":"ImageObject","inLanguage":"es-AR","@id":"https:\/\/web.consaguirre.com.ar\/noticias\/#\/schema\/person\/image\/","url":"https:\/\/web.consaguirre.com.ar\/noticias\/wp-content\/uploads\/2024\/08\/Consaguirre-scaled.jpg","contentUrl":"https:\/\/web.consaguirre.com.ar\/noticias\/wp-content\/uploads\/2024\/08\/Consaguirre-scaled.jpg","caption":"Javier Figueroa"},"description":"Me llamo Javier Figueroa y soy redactor para el sitio oficial del Conservatorio de M\u00fasica Juli\u00e1n Aguirre en Buenos Aires, consaguirre.com. Apasionado por la m\u00fasica y la escritura, me esfuerzo por destacar los talentos y eventos de nuestra prestigiosa instituci\u00f3n. Mi trayectoria se nutre de una profunda admiraci\u00f3n por los artistas, haciendo de cada art\u00edculo una celebraci\u00f3n de la creatividad y la cultura musical.","sameAs":["https:\/\/web.consaguirre.com.ar\/noticias"]}]}},"_links":{"self":[{"href":"https:\/\/web.consaguirre.com.ar\/noticias\/wp-json\/wp\/v2\/posts\/1013"}],"collection":[{"href":"https:\/\/web.consaguirre.com.ar\/noticias\/wp-json\/wp\/v2\/posts"}],"about":[{"href":"https:\/\/web.consaguirre.com.ar\/noticias\/wp-json\/wp\/v2\/types\/post"}],"author":[{"embeddable":true,"href":"https:\/\/web.consaguirre.com.ar\/noticias\/wp-json\/wp\/v2\/users\/1"}],"replies":[{"embeddable":true,"href":"https:\/\/web.consaguirre.com.ar\/noticias\/wp-json\/wp\/v2\/comments?post=1013"}],"version-history":[{"count":1,"href":"https:\/\/web.consaguirre.com.ar\/noticias\/wp-json\/wp\/v2\/posts\/1013\/revisions"}],"predecessor-version":[{"id":1015,"href":"https:\/\/web.consaguirre.com.ar\/noticias\/wp-json\/wp\/v2\/posts\/1013\/revisions\/1015"}],"wp:featuredmedia":[{"embeddable":true,"href":"https:\/\/web.consaguirre.com.ar\/noticias\/wp-json\/wp\/v2\/media\/1014"}],"wp:attachment":[{"href":"https:\/\/web.consaguirre.com.ar\/noticias\/wp-json\/wp\/v2\/media?parent=1013"}],"wp:term":[{"taxonomy":"category","embeddable":true,"href":"https:\/\/web.consaguirre.com.ar\/noticias\/wp-json\/wp\/v2\/categories?post=1013"},{"taxonomy":"post_tag","embeddable":true,"href":"https:\/\/web.consaguirre.com.ar\/noticias\/wp-json\/wp\/v2\/tags?post=1013"}],"curies":[{"name":"wp","href":"https:\/\/api.w.org\/{rel}","templated":true}]}}